{"id":534,"date":"2018-03-13T22:22:20","date_gmt":"2018-03-14T01:22:20","guid":{"rendered":"http:\/\/batista-ma.org.br\/?p=534"},"modified":"2020-02-19T09:48:48","modified_gmt":"2020-02-19T12:48:48","slug":"vale-do-munim-2","status":"publish","type":"post","link":"https:\/\/batista-ma.org.br\/?p=534","title":{"rendered":"ASSOCIA\u00c7\u00c3O BATISTA VALE DO MUNIM"},"content":{"rendered":"<p>A\u00a0Regi\u00e3o de Planejamento do Baixo Munim\u00a0\u00e9 uma das\u00a0<a href=\"https:\/\/pt.wikipedia.org\/wiki\/Regionaliza%C3%A7%C3%A3o_do_Maranh%C3%A3o\">32 Regi\u00f5es de Planejamento do Estado do Maranh\u00e3o<\/a>. Localiza-se no litoral norte do Estado, regi\u00e3o onde desaguam os rios\u00a0<a href=\"https:\/\/pt.wikipedia.org\/wiki\/Rio_Itapecuru\">Itapecuru<\/a>\u00a0e\u00a0<a href=\"https:\/\/pt.wikipedia.org\/wiki\/Rio_Munim\">Munim<\/a>. A regi\u00e3o \u00e9, ainda, passagem para o\u00a0<a href=\"https:\/\/pt.wikipedia.org\/wiki\/Parque_Nacional_dos_Len%C3%A7%C3%B3is_Maranhenses\">Parque Nacional dos Len\u00e7\u00f3is Maranhenses<\/a>, atrav\u00e9s da\u00a0<a href=\"https:\/\/pt.wikipedia.org\/wiki\/BR-402\">BR 402<\/a>.<\/p>\n<p>&nbsp;<\/p>\n<p><a href=\"https:\/\/pt.wikipedia.org\/wiki\/Ros%C3%A1rio_(Maranh%C3%A3o)\">Ros\u00e1rio<\/a>\u00a0\u00e9 a maior cidade e tamb\u00e9m o munic\u00edpio-sede da Regi\u00e3o.<\/p>\n<p>&nbsp;<\/p>\n<p>A Regi\u00e3o \u00e9 formada por sete munic\u00edpios:<\/p>\n<p><a href=\"https:\/\/pt.wikipedia.org\/wiki\/Axix%C3%A1\">Axix\u00e1<\/a><\/p>\n<p><a href=\"https:\/\/pt.wikipedia.org\/wiki\/Bacabeira\">Bacabeira<\/a><\/p>\n<p><a href=\"https:\/\/pt.wikipedia.org\/wiki\/Cachoeira_Grande\">Cachoeira Grande<\/a><\/p>\n<p><a href=\"https:\/\/pt.wikipedia.org\/wiki\/Icatu\">Icatu<\/a><\/p>\n<p><a href=\"https:\/\/pt.wikipedia.org\/wiki\/Morros_(Maranh%C3%A3o)\">Morros<\/a><\/p>\n<p><a href=\"https:\/\/pt.wikipedia.org\/wiki\/Presidente_Juscelino_(Maranh%C3%A3o)\">Presidente Juscelino<\/a><\/p>\n<p><a href=\"https:\/\/pt.wikipedia.org\/wiki\/Ros%C3%A1rio_(Maranh%C3%A3o)\">Ros\u00e1rio<\/a><\/p>\n<p>&nbsp;<\/p>\n","protected":false},"excerpt":{"rendered":"<p>A\u00a0Regi\u00e3o de Planejamento do Baixo Munim\u00a0\u00e9 uma das\u00a032 Regi\u00f5es de Planejamento do Estado do Maranh\u00e3o. Localiza-se no litoral norte do Estado, regi\u00e3o onde desaguam os rios\u00a0Itapecuru\u00a0e\u00a0Munim. A regi\u00e3o \u00e9, ainda, passagem para o\u00a0Parque Nacional dos Len\u00e7\u00f3is Maranhenses, atrav\u00e9s da\u00a0BR 402. &nbsp; Ros\u00e1rio\u00a0\u00e9 a maior cidade e tamb\u00e9m o munic\u00edpio-sede da Regi\u00e3o. &nbsp; A Regi\u00e3o \u00e9 [&hellip;]<\/p>\n","protected":false},"author":2,"featured_media":0,"comment_status":"open","ping_status":"open","sticky":false,"template":"","format":"standard","meta":{"_themeisle_gutenberg_block_has_review":false,"footnotes":""},"categories":[36],"tags":[],"class_list":{"0":"post-534","1":"post","2":"type-post","3":"status-publish","4":"format-standard","6":"category-associacoes"},"_links":{"self":[{"href":"https:\/\/batista-ma.org.br\/index.php?rest_route=\/wp\/v2\/posts\/534"}],"collection":[{"href":"https:\/\/batista-ma.org.br\/index.php?rest_route=\/wp\/v2\/posts"}],"about":[{"href":"https:\/\/batista-ma.org.br\/index.php?rest_route=\/wp\/v2\/types\/post"}],"author":[{"embeddable":true,"href":"https:\/\/batista-ma.org.br\/index.php?rest_route=\/wp\/v2\/users\/2"}],"replies":[{"embeddable":true,"href":"https:\/\/batista-ma.org.br\/index.php?rest_route=%2Fwp%2Fv2%2Fcomments&post=534"}],"version-history":[{"count":2,"href":"https:\/\/batista-ma.org.br\/index.php?rest_route=\/wp\/v2\/posts\/534\/revisions"}],"predecessor-version":[{"id":1863,"href":"https:\/\/batista-ma.org.br\/index.php?rest_route=\/wp\/v2\/posts\/534\/revisions\/1863"}],"wp:attachment":[{"href":"https:\/\/batista-ma.org.br\/index.php?rest_route=%2Fwp%2Fv2%2Fmedia&parent=534"}],"wp:term":[{"taxonomy":"category","embeddable":true,"href":"https:\/\/batista-ma.org.br\/index.php?rest_route=%2Fwp%2Fv2%2Fcategories&post=534"},{"taxonomy":"post_tag","embeddable":true,"href":"https:\/\/batista-ma.org.br\/index.php?rest_route=%2Fwp%2Fv2%2Ftags&post=534"}],"curies":[{"name":"wp","href":"https:\/\/api.w.org\/{rel}","templated":true}]}}