{"id":529,"date":"2018-03-13T21:59:44","date_gmt":"2018-03-14T00:59:44","guid":{"rendered":"http:\/\/batista-ma.org.br\/?p=529"},"modified":"2020-03-06T16:04:00","modified_gmt":"2020-03-06T19:04:00","slug":"sim","status":"publish","type":"post","link":"https:\/\/batista-ma.org.br\/?p=529","title":{"rendered":"A AECBM- Associa\u00e7\u00e3o de Educadores Crist\u00e3os Batista do Maranh\u00e3o elege nova diretoria"},"content":{"rendered":"<p><img loading=\"lazy\" decoding=\"async\" class=\"alignleft size-thumbnail wp-image-2714\" src=\"https:\/\/batista-ma.org.br\/wp-content\/uploads\/2018\/03\/WhatsApp-Image-2020-03-06-at-10.22.08-150x150.jpeg\" alt=\"\" width=\"150\" height=\"150\" srcset=\"https:\/\/batista-ma.org.br\/wp-content\/uploads\/2018\/03\/WhatsApp-Image-2020-03-06-at-10.22.08-150x150.jpeg 150w, https:\/\/batista-ma.org.br\/wp-content\/uploads\/2018\/03\/WhatsApp-Image-2020-03-06-at-10.22.08-160x160.jpeg 160w, https:\/\/batista-ma.org.br\/wp-content\/uploads\/2018\/03\/WhatsApp-Image-2020-03-06-at-10.22.08-320x320.jpeg 320w\" sizes=\"(max-width: 150px) 100vw, 150px\" \/><\/p>\n<p>&nbsp;<\/p>\n<p>&nbsp;<\/p>\n<p>Pastor Janio Monteiro fazendo a ora\u00e7\u00e3o de posse da nova diretoria da AEC-BM<\/p>\n<p>&nbsp;<\/p>\n<p><img loading=\"lazy\" decoding=\"async\" class=\"size-thumbnail wp-image-2715 alignleft\" src=\"https:\/\/batista-ma.org.br\/wp-content\/uploads\/2018\/03\/WhatsApp-Image-2020-03-06-at-10.21.26-150x150.jpeg\" alt=\"\" width=\"150\" height=\"150\" srcset=\"https:\/\/batista-ma.org.br\/wp-content\/uploads\/2018\/03\/WhatsApp-Image-2020-03-06-at-10.21.26-150x150.jpeg 150w, https:\/\/batista-ma.org.br\/wp-content\/uploads\/2018\/03\/WhatsApp-Image-2020-03-06-at-10.21.26-160x160.jpeg 160w, https:\/\/batista-ma.org.br\/wp-content\/uploads\/2018\/03\/WhatsApp-Image-2020-03-06-at-10.21.26-320x320.jpeg 320w\" sizes=\"(max-width: 150px) 100vw, 150px\" \/><\/p>\n<p>&nbsp;<\/p>\n<p>&nbsp;<\/p>\n<p>CONSELHO ADMINISTRATIVO<\/p>\n<p>&nbsp;<\/p>\n<p><img loading=\"lazy\" decoding=\"async\" class=\"alignleft wp-image-2716 size-thumbnail\" src=\"https:\/\/batista-ma.org.br\/wp-content\/uploads\/2018\/03\/WhatsApp-Image-2020-03-06-at-10.21.06-150x150.jpeg\" alt=\"\" width=\"150\" height=\"150\" srcset=\"https:\/\/batista-ma.org.br\/wp-content\/uploads\/2018\/03\/WhatsApp-Image-2020-03-06-at-10.21.06-150x150.jpeg 150w, https:\/\/batista-ma.org.br\/wp-content\/uploads\/2018\/03\/WhatsApp-Image-2020-03-06-at-10.21.06-160x160.jpeg 160w, https:\/\/batista-ma.org.br\/wp-content\/uploads\/2018\/03\/WhatsApp-Image-2020-03-06-at-10.21.06-320x320.jpeg 320w\" sizes=\"(max-width: 150px) 100vw, 150px\" \/>\u00a0PRESIDENTE- Edc. Samuel Asun\u00e7\u00e3o<\/p>\n<p>1\u00ba VICE- Edc\u00aa Dalva Moura<\/p>\n<p>2\u00ba VICE-Edc.\u00aa Kleide Kalil<\/p>\n<p>1\u00aa SEC.- Edc.\u00aa Luzia Sulva<\/p>\n<p>2\u00aa SEC.- Edc.\u00aa Nice<\/p>\n<p>&nbsp;<\/p>\n<p>&nbsp;<\/p>\n","protected":false},"excerpt":{"rendered":"<p>&nbsp; &nbsp; Pastor Janio Monteiro fazendo a ora\u00e7\u00e3o de posse da nova diretoria da AEC-BM &nbsp; &nbsp; &nbsp; CONSELHO ADMINISTRATIVO &nbsp; \u00a0PRESIDENTE- Edc. Samuel Asun\u00e7\u00e3o 1\u00ba VICE- Edc\u00aa Dalva Moura 2\u00ba VICE-Edc.\u00aa Kleide Kalil 1\u00aa SEC.- Edc.\u00aa Luzia Sulva 2\u00aa SEC.- Edc.\u00aa Nice &nbsp; &nbsp;<\/p>\n","protected":false},"author":2,"featured_media":2688,"comment_status":"open","ping_status":"open","sticky":false,"template":"","format":"standard","meta":{"_themeisle_gutenberg_block_has_review":false,"footnotes":""},"categories":[8],"tags":[],"class_list":{"0":"post-529","1":"post","2":"type-post","3":"status-publish","4":"format-standard","5":"has-post-thumbnail","7":"category-noticias"},"_links":{"self":[{"href":"https:\/\/batista-ma.org.br\/index.php?rest_route=\/wp\/v2\/posts\/529"}],"collection":[{"href":"https:\/\/batista-ma.org.br\/index.php?rest_route=\/wp\/v2\/posts"}],"about":[{"href":"https:\/\/batista-ma.org.br\/index.php?rest_route=\/wp\/v2\/types\/post"}],"author":[{"embeddable":true,"href":"https:\/\/batista-ma.org.br\/index.php?rest_route=\/wp\/v2\/users\/2"}],"replies":[{"embeddable":true,"href":"https:\/\/batista-ma.org.br\/index.php?rest_route=%2Fwp%2Fv2%2Fcomments&post=529"}],"version-history":[{"count":7,"href":"https:\/\/batista-ma.org.br\/index.php?rest_route=\/wp\/v2\/posts\/529\/revisions"}],"predecessor-version":[{"id":2719,"href":"https:\/\/batista-ma.org.br\/index.php?rest_route=\/wp\/v2\/posts\/529\/revisions\/2719"}],"wp:featuredmedia":[{"embeddable":true,"href":"https:\/\/batista-ma.org.br\/index.php?rest_route=\/wp\/v2\/media\/2688"}],"wp:attachment":[{"href":"https:\/\/batista-ma.org.br\/index.php?rest_route=%2Fwp%2Fv2%2Fmedia&parent=529"}],"wp:term":[{"taxonomy":"category","embeddable":true,"href":"https:\/\/batista-ma.org.br\/index.php?rest_route=%2Fwp%2Fv2%2Fcategories&post=529"},{"taxonomy":"post_tag","embeddable":true,"href":"https:\/\/batista-ma.org.br\/index.php?rest_route=%2Fwp%2Fv2%2Ftags&post=529"}],"curies":[{"name":"wp","href":"https:\/\/api.w.org\/{rel}","templated":true}]}}