{"id":503,"date":"2018-03-07T18:10:44","date_gmt":"2018-03-07T21:10:44","guid":{"rendered":"http:\/\/batista-ma.org.br\/?p=503"},"modified":"2020-03-05T20:42:27","modified_gmt":"2020-03-05T23:42:27","slug":"seminario-teologico-batista-de-sao-luis","status":"publish","type":"post","link":"https:\/\/batista-ma.org.br\/?p=503","title":{"rendered":"Semin\u00e1rio Teol\u00f3gico Batista de S\u00e3o Lu\u00eds"},"content":{"rendered":"<h4 style=\"text-align: center;\"><img loading=\"lazy\" decoding=\"async\" class=\"aligncenter wp-image-504 \" src=\"https:\/\/batista-ma.org.br\/wp-content\/uploads\/2018\/03\/log-semen\u00e1rio.png\" alt=\"\" width=\"205\" height=\"181\" \/><\/h4>\n<p>Com 33 anos de exist\u00eancia, o Semin\u00e1rio Teol\u00f3gico Batista em S\u00e3o Lu\u00eds tem por Miss\u00e3o: Contribuir na Forma\u00e7\u00e3o Teol\u00f3gica dos Vocacionados para o Exerc\u00edcio Ministerial na Igreja e na Sociedade. Diante deste desafio, \u00e9 interessante lembrar e resgatar o prop\u00f3sito para o qual esta institui\u00e7\u00e3o de ensino e forma\u00e7\u00e3o ministerial foi pensada e idealizada diante de Deus no passado.<br \/>\nNo hist\u00f3rico da institui\u00e7\u00e3o \u00e9 enfatizado que a falta de l\u00edderes capacitados para o campo mission\u00e1rio maranhense foi fator principal apontado para a cria\u00e7\u00e3o deste Semin\u00e1rio. No passado os l\u00edderes crist\u00e3os creram que uma institui\u00e7\u00e3o de forma\u00e7\u00e3o ministerial poderia contribuir para uma a\u00e7\u00e3o mission\u00e1ria mais ampla e intensa no Maranh\u00e3o, no Brasil e no Mundo.<br \/>\nHoje com a gra\u00e7a de Deus, esta realidade pode ser visualizada e desfrutada de forma concreta, plesmente porque no passado o povo de Deus creu que esta obra ministerial vinha da parte de Deus e te prop\u00f3sito de aben\u00e7oar muitas e muitas vidas.<br \/>\nPodemos destacar em n\u00fameros pr\u00e1ticos ao longo de toda esta jornada de 31 anos a forma\u00e7\u00e3o de mais de 200 vocacionados para a obra ministerial nas \u00e1reas de Teologia, Educa\u00e7\u00e3o Crist\u00e3 e M\u00fasica. Neste ultimo ano convencional, mais uma turma do Curso Livre de Forma\u00e7\u00e3o Ministerial em Teologia Pastoral \u00e9 disponibilizada para aben\u00e7oar a obra mission\u00e1ria com mais 9 formandos. Tamb\u00e9m em parceria com a FATEBE\/PA, 7 novos bachar\u00e9is em Teologia s\u00e3o apresentados ap\u00f3s um ano de estudo de integraliza\u00e7\u00e3o de cr\u00e9ditos em Teologia.<br \/>\nA forma\u00e7\u00e3o continuada para os vocacionados para o minist\u00e9rio tem sido algo trabalhado com inl dade pela atual gest\u00e3o do Semin\u00e1rio, em vistas a preparar melhor nossos l\u00edderes para bem servir ao Reii Deus e tamb\u00e9m consolidar o t\u00e3o sonhado Projeto: Faculdade Batista do Maranh\u00e3o, no intuito de dar con dade a forma\u00e7\u00e3o ministerial e seguir adiante com refor\u00e7o na vis\u00e3o e miss\u00e3o para qual a institui\u00e7\u00e3o Seminal idealizada e constitu\u00edda.<br \/>\nAs turmas em andamento de P\u00f3s-Gradua\u00e7\u00e3o em Doc\u00eancia no Ensino Religioso (p\u00e1 STBSL\/FABAPAR) e em A Arte da Prega\u00e7\u00e3o Expositiva (parceria STBSL\/FATEBE), t\u00eam por finalidade prepara tores, educadores, mission\u00e1rios e docentes para melhor servir ao Senhor.<br \/>\nO Projeto de expans\u00e3o do Semin\u00e1rio Teol\u00f3gico Batista em S\u00e3o Lu\u00eds \u00e9 uma realidade que tem ava com a bondade e miseric\u00f3rdia do Senhor, possibilitando sonharmos com maior intensidade o surgimento futura Faculdade Batista do Maranh\u00e3o para logo em breve, dentro da perspectiva da consultoria profissional e proje\u00e7\u00e3o junto ao MEC. A FABAMA j\u00e1 est\u00e1 registrada junto ao Minist\u00e9rio de Educa\u00e7\u00e3o e o processo avalia\u00e7\u00e3o e reconhecimento encontra-se em andamento.<br \/>\nPara tanto, precisamos dar continuidade e intensificar a prepara\u00e7\u00e3o de toda estrutura f\u00edsica,\u00a0 administrativa e espiritual para buscarmos aprova\u00e7\u00e3o e o reconhecimento t\u00e3o sonhado e esperado. Neste sentido, convidamos todos os membros da Conven\u00e7\u00e3o Batista Maranhense a unirmos for\u00e7a, a sonharmos j investirmos com amor e liberalidade nesta obra que pertence ao Senhor e tem o prop\u00f3sito de contribuir com obra MISSION\u00c1RIA.<br \/>\nNossos p\u00f3los de Forma\u00e7\u00e3o Ministerial em Teologia Pastoral avan\u00e7am na forma\u00e7\u00e3o de vocaciona regi\u00f5es do Alto do Turi, Baixada, Vale do Pindar\u00e9 e Munim, preparando vocacionados in-loco com o ir aben\u00e7oar e contribuir com a planta\u00e7\u00e3o e consolida\u00e7\u00e3o de novas igrejas no interior do estado do Marar-<br \/>\nNa Sede seguimos com os Cursos de Forma\u00e7\u00e3o Ministerial em M\u00fasica e Teologia com dedica\u00e7\u00e3o dos docentes no cumprimento fiel do programa pedag\u00f3gico, inclusive com Semanas Teol\u00f3gicas com temas edificantes e de grande aproveitamento cient\u00edfico.<br \/>\nEstamos estruturados para promover na sede do STBSL Cursos de Extens\u00e3o nas \u00e1reas de: CAPELANIA, DIACONIA, EDUCA\u00c7\u00c3O CRIST\u00c3, M\u00daSICA, LIDERAN\u00c7A JOVEM e FORMA\u00c7\u00c3O MISSION\u00c1RIA.<br \/>\nPrecisamos que sejam intensificadas as ora\u00e7\u00f5es, assim como o investimento financeiro para que o projeto Faculdade Batista do Maranh\u00e3o se torne realidade, pois quando investimos no Ensino Teol\u00f3gico investimos em Miss\u00f5es. Agradecemos todo o apoio recebido por parte do Conselho do Semin\u00e1rio, da C. Batista Maranhense, Associa\u00e7\u00f5es, Col\u00e9gio Batista Daniel de La Touche e Igrejas Batistas filiadas a CE honra e gl\u00f3ria sejam dadas ao Senhor Jesus Cristo que tem permitido que sua obra cres\u00e7a e se amplie. Continuamos firmes e esperan\u00e7osos, pois quem fez a promessa \u00e9 FIEL.<\/p>\n<p>No Amor de Cristo,<\/p>\n<p style=\"text-align: center;\">\u00a0 \u00a0 \u00a0 \u00a0 \u00a0 \u00a0Pastor Anderson Carlos Guimar\u00e3es Cavalcanti<br \/>\nOPBB3519<\/p>\n<p style=\"text-align: center;\">\u00a0 \u00a0 \u00a0 \u00a0 \u00a0 \u00a0 Reitor do Semin\u00e1rio Teol\u00f3gico Batista em S\u00e3o Lu\u00eds<\/p>\n<p style=\"text-align: center;\"><span style=\"color: #ff0000;\"><strong>PARA MAIORES INFORMA\u00c7\u00d5ES CLIQUE COM O BOT\u00c3O DIREITO DO MAUSE NO LOGO:\u00a0<a href=\"http:\/\/www.stbsl.org\/quem-somos\"><img loading=\"lazy\" decoding=\"async\" class=\"size-full wp-image-504 aligncenter\" src=\"https:\/\/batista-ma.org.br\/wp-content\/uploads\/2018\/03\/log-semen\u00e1rio.png\" alt=\"\" width=\"79\" height=\"69\" \/><\/a><\/strong><\/span><\/p>\n","protected":false},"excerpt":{"rendered":"<p>Com 33 anos de exist\u00eancia, o Semin\u00e1rio Teol\u00f3gico Batista em S\u00e3o Lu\u00eds tem por Miss\u00e3o: Contribuir na Forma\u00e7\u00e3o Teol\u00f3gica dos Vocacionados para o Exerc\u00edcio Ministerial na Igreja e na Sociedade. Diante deste desafio, \u00e9 interessante lembrar e resgatar o prop\u00f3sito para o qual esta institui\u00e7\u00e3o de ensino e forma\u00e7\u00e3o ministerial foi pensada e idealizada diante [&hellip;]<\/p>\n","protected":false},"author":2,"featured_media":504,"comment_status":"open","ping_status":"open","sticky":false,"template":"","format":"standard","meta":{"_themeisle_gutenberg_block_has_review":false,"footnotes":""},"categories":[8],"tags":[],"class_list":{"0":"post-503","1":"post","2":"type-post","3":"status-publish","4":"format-standard","5":"has-post-thumbnail","7":"category-noticias"},"_links":{"self":[{"href":"https:\/\/batista-ma.org.br\/index.php?rest_route=\/wp\/v2\/posts\/503"}],"collection":[{"href":"https:\/\/batista-ma.org.br\/index.php?rest_route=\/wp\/v2\/posts"}],"about":[{"href":"https:\/\/batista-ma.org.br\/index.php?rest_route=\/wp\/v2\/types\/post"}],"author":[{"embeddable":true,"href":"https:\/\/batista-ma.org.br\/index.php?rest_route=\/wp\/v2\/users\/2"}],"replies":[{"embeddable":true,"href":"https:\/\/batista-ma.org.br\/index.php?rest_route=%2Fwp%2Fv2%2Fcomments&post=503"}],"version-history":[{"count":19,"href":"https:\/\/batista-ma.org.br\/index.php?rest_route=\/wp\/v2\/posts\/503\/revisions"}],"predecessor-version":[{"id":2271,"href":"https:\/\/batista-ma.org.br\/index.php?rest_route=\/wp\/v2\/posts\/503\/revisions\/2271"}],"wp:featuredmedia":[{"embeddable":true,"href":"https:\/\/batista-ma.org.br\/index.php?rest_route=\/wp\/v2\/media\/504"}],"wp:attachment":[{"href":"https:\/\/batista-ma.org.br\/index.php?rest_route=%2Fwp%2Fv2%2Fmedia&parent=503"}],"wp:term":[{"taxonomy":"category","embeddable":true,"href":"https:\/\/batista-ma.org.br\/index.php?rest_route=%2Fwp%2Fv2%2Fcategories&post=503"},{"taxonomy":"post_tag","embeddable":true,"href":"https:\/\/batista-ma.org.br\/index.php?rest_route=%2Fwp%2Fv2%2Ftags&post=503"}],"curies":[{"name":"wp","href":"https:\/\/api.w.org\/{rel}","templated":true}]}}