{"id":488,"date":"2018-03-07T16:56:38","date_gmt":"2018-03-07T19:56:38","guid":{"rendered":"http:\/\/batista-ma.org.br\/?p=488"},"modified":"2020-03-02T19:54:59","modified_gmt":"2020-03-02T22:54:59","slug":"segundo-semestre-2020","status":"publish","type":"post","link":"https:\/\/batista-ma.org.br\/?p=488","title":{"rendered":"SEGUNDO SEMESTRE &#8211; 2020"},"content":{"rendered":"<p><strong>AGOSTO<\/strong> &#8211; M\u00eas da Juventude e dos Adolescentes<\/p>\n<p>01 &#8211; Dia de Evangelismo Estadual da Juventude Batista<br \/>\n3 &#8211; Dia do Adolescente Batista &#8211; 1\u00b0 domingo do m\u00eas<br \/>\n4 a 06 &#8211; Congresso Vida Nova STBSL<br \/>\n7 a 9 &#8211; Semana Teol\u00f3gica em Urbano Santos &#8211; Associa\u00e7\u00e3o do Vale do Munim\/STBSL Tema : Teologia B\u00edblica na Carta aos Cor\u00edntios (Professor Nedson)<br \/>\n9 &#8211; Dia dos Pais &#8211; 2\u00b0 domingo do m\u00eas<br \/>\n16 &#8211; Dia do Jovem Batista &#8211; 3\u00b0 domingo do m\u00eas<br \/>\n19 &#8211; Reuni\u00e3o Ordin\u00e1ria do Conselho Geral da Conven\u00e7\u00e3o Batista Maranhense<br \/>\n20 &#8211; Reuni\u00e3o Ordin\u00e1ria do Conselho Geral da Conven\u00e7\u00e3o Batista Maranhense<br \/>\n22 &#8211; Confraterniza\u00e7\u00e3o AnivER Estadual<br \/>\n22 &#8211; Programa Minha Igreja Legal &#8211; Associa\u00e7\u00e3o Pindar\u00e9 do Vale 25 &#8211; Dia Nacional do Embaixador do Rei &#8211; 72\u00b0 Anivers\u00e1rio (1948-2019)<br \/>\n28 a 30 &#8211; Confraterniza\u00e7\u00e3o de Jovens, Pedreiras (Cocais)<br \/>\n29 &#8211; Culto de lan\u00e7amento da Campanha de Miss\u00f5es Nacionais &#8211; JMN\/CBM *UFMBMA mais perto de voc\u00ea (Associa\u00e7\u00e3o Munim &#8211; Capacita\u00e7\u00e3o)<br \/>\n*UFMBMA mais perto de voc\u00ea (Associa\u00e7\u00e3o Len\u00e7\u00f3is &#8211; Capacita\u00e7\u00e3o)<\/p>\n<p><strong>SETEMBRO<\/strong> &#8211; M\u00eas de Miss\u00f5es Nacionais<\/p>\n<p>3 a 05 &#8211; Congresso Estadual da Terceira Idade &#8211; UFMBMA<br \/>\n4 e 05 4\u00b0 Encontro dos Homens Batista dos Len\u00e7\u00f3is Maranhenses<br \/>\n7 &#8211; Desfile da semana da P\u00e1tria<br \/>\n11 a 13 &#8211; TRANSBAIXADA<br \/>\n13 &#8211; Dia de Miss\u00f5es Nacionais &#8211; 2\u00b0 Domingo do m\u00eas<br \/>\n25 &#8211; Planejamento Meio Ambiente &#8211; PEPE<br \/>\n26 &#8211; Encontro com as igrejas das \u00e1reas 08 e 09 (ABM e AIBGSL)<br \/>\nConfraterniza\u00e7\u00e3o das mulheres, S\u00edtio Moraismento, Timon (Cocais)<br \/>\n*UFMBMA mais perto de voc\u00ea (Associa\u00e7\u00e3o dos Cocais &#8211; Capacita\u00e7\u00e3o)<\/p>\n<p><strong>OUTUBRO<\/strong> &#8211; M\u00eas das Crian\u00e7as<\/p>\n<p>01 a 12 &#8211; MUNAMI<br \/>\n01 e 02 &#8211; Semana Teol\u00f3gica &#8211; \u00c1rea: Hist\u00f3ria da Igreja STBSL<br \/>\n8 &#8211; Dia do Evang\u00e9lico em Humberto de Campos<br \/>\n9 a 12 &#8211; AcampER Associacional<br \/>\n12 &#8211; Dia Batista de Evangelismo Pessoal<br \/>\n12 a 16 &#8211; Congresso de Proclama\u00e7\u00e3o Global (Treinadores de Pastores Am\u00e9rica Latina) \/ STBSL<br \/>\n13 &#8211; Dia da Crian\u00e7a Batista 2\u00b0 Domingo do m\u00eas<br \/>\n14 &#8211; Reuni\u00e3o Ordin\u00e1ria do Conselho Geral da Conven\u00e7\u00e3o Batista Maranhense<br \/>\n15 &#8211; Reuni\u00e3o Ordin\u00e1ria do Conselho Geral da Conven\u00e7\u00e3o Batista Maranhense<br \/>\n15 &#8211; Dia Batista do Brasil<br \/>\n17 &#8211; Congresso Amigos de Miss\u00f5es, ABA 17, 18 &#8211; TRANSBAIXADA<br \/>\n18 &#8211; Dia de Educa\u00e7\u00e3o Crist\u00e3 (3\u00b0 domingo)<br \/>\n20 a 23 &#8211; Confer\u00eancia Nacional Multiplique<br \/>\n22 &#8211; Anivers\u00e1rio de 61 anos de Embaixadores do Rei no Maranh\u00e3o 24 &#8211; Confraterniza\u00e7\u00e3o AnivER Estadual<br \/>\n30 31 &#8211; Congresso dos Di\u00e1conos (CBM)<br \/>\n30 &#8211; Planejamento Natal &#8211; PEPE<br \/>\n31 &#8211; Dia da Reforma Protestante<br \/>\n31, 01\/11 &#8211; Confraterniza\u00e7\u00e3o dos Homens Batistas, Governador Eug\u00eanio de Barros &#8211; Associa\u00e7\u00e3o Batista Cocais<\/p>\n<p><strong>NOVEMBRO<\/strong> &#8211; M\u00eas da Educa\u00e7\u00e3o Teol\u00f3gica<\/p>\n<p>7 &#8211; Dia de Ora\u00e7\u00e3o Mundial &#8211; Local Grande S\u00e3o Lu\u00eds (UFMBMA)<br \/>\n07, 08 &#8211; Congresso MCM Associa\u00e7\u00e3o do Vale do Pindar\u00e9<br \/>\n8 &#8211; ADBB &#8211; Dia do Di\u00e1cono Batista &#8211; 2\u00b0 domingo<br \/>\n9 &#8211; Dia do Evang\u00e9lico em Mat\u00f5es do Norte 15 &#8211; Anivers\u00e1rio UMHBMA<br \/>\n15 &#8211; Dia da Educa\u00e7\u00e3o Teol\u00f3gica &#8211; 3\u00b0 domingo<br \/>\n20 &#8211; Semin\u00e1rio Espiritualidade Saud\u00e1vel &#8211; Parceria: CBM e STBSL<br \/>\n21 e 22 &#8211; TRANSBAIXADA<br \/>\n22 &#8211; Dia do Ministro de M\u00fasica Batista &#8211; 4\u00b0 domingo<br \/>\n23 &#8211; Capela de Encerramento das Aulas &#8211; STBSL<br \/>\n24 a 27 &#8211; Semana de Aula Experimental<br \/>\n26 &#8211; Dia Nacional de A\u00e7\u00f5es de Gra\u00e7as &#8211; \u00daltima quinta feira<br \/>\n27 a 29 &#8211; 3\u00b0 CICER<br \/>\n28 &#8211; Encontro com as Igrejas das \u00c1reas 10,11 e 12 (ABM e Grande S\u00e3o Lu\u00eds) *UFMBMA mais perto de voc\u00ea (Associa\u00e7\u00e3o da Baixada &#8211; Capacita\u00e7\u00e3o)<br \/>\n30 &#8211; Dia do Evang\u00e9lico em Primeira Cruz<\/p>\n<p><strong>DEZEMBRO<\/strong> &#8211; M\u00eas da B\u00edblia<\/p>\n<p>4 &#8211; Formatura (STBSL)<br \/>\n5 a 12 &#8211; Encerramento das Atividades do PEPE<br \/>\n8 &#8211; Confraterniza\u00e7\u00e3o das UMHBMA<br \/>\n9 &#8211; Encontro dos Batistas Comemorativo ao Dia da B\u00edblia<br \/>\n11 &#8211; Avalia\u00e7\u00e3o do Semestre &#8211; UFMBMA<br \/>\n12 &#8211; Anivers\u00e1rio das SMHB &#8211; UMHBMA<br \/>\n12 &#8211; Confraterniza\u00e7\u00e3o e avalia\u00e7\u00e3o da ABALEM<br \/>\n13 &#8211; Dia da B\u00edblia &#8211; 2\u00b0 domingo do m\u00eas<br \/>\n16 &#8211; Confraterniza\u00e7\u00e3o da Diretoria &#8211; UFMBMA<br \/>\n25 &#8211; Natal<\/p>\n","protected":false},"excerpt":{"rendered":"<p>AGOSTO &#8211; M\u00eas da Juventude e dos Adolescentes 01 &#8211; Dia de Evangelismo Estadual da Juventude Batista 3 &#8211; Dia do Adolescente Batista &#8211; 1\u00b0 domingo do m\u00eas 4 a 06 &#8211; Congresso Vida Nova STBSL 7 a 9 &#8211; Semana Teol\u00f3gica em Urbano Santos &#8211; Associa\u00e7\u00e3o do Vale do Munim\/STBSL Tema : Teologia B\u00edblica [&hellip;]<\/p>\n","protected":false},"author":2,"featured_media":0,"comment_status":"open","ping_status":"open","sticky":false,"template":"","format":"standard","meta":{"_themeisle_gutenberg_block_has_review":false,"footnotes":""},"categories":[37],"tags":[],"class_list":{"0":"post-488","1":"post","2":"type-post","3":"status-publish","4":"format-standard","6":"category-calendario"},"_links":{"self":[{"href":"https:\/\/batista-ma.org.br\/index.php?rest_route=\/wp\/v2\/posts\/488"}],"collection":[{"href":"https:\/\/batista-ma.org.br\/index.php?rest_route=\/wp\/v2\/posts"}],"about":[{"href":"https:\/\/batista-ma.org.br\/index.php?rest_route=\/wp\/v2\/types\/post"}],"author":[{"embeddable":true,"href":"https:\/\/batista-ma.org.br\/index.php?rest_route=\/wp\/v2\/users\/2"}],"replies":[{"embeddable":true,"href":"https:\/\/batista-ma.org.br\/index.php?rest_route=%2Fwp%2Fv2%2Fcomments&post=488"}],"version-history":[{"count":6,"href":"https:\/\/batista-ma.org.br\/index.php?rest_route=\/wp\/v2\/posts\/488\/revisions"}],"predecessor-version":[{"id":2068,"href":"https:\/\/batista-ma.org.br\/index.php?rest_route=\/wp\/v2\/posts\/488\/revisions\/2068"}],"wp:attachment":[{"href":"https:\/\/batista-ma.org.br\/index.php?rest_route=%2Fwp%2Fv2%2Fmedia&parent=488"}],"wp:term":[{"taxonomy":"category","embeddable":true,"href":"https:\/\/batista-ma.org.br\/index.php?rest_route=%2Fwp%2Fv2%2Fcategories&post=488"},{"taxonomy":"post_tag","embeddable":true,"href":"https:\/\/batista-ma.org.br\/index.php?rest_route=%2Fwp%2Fv2%2Ftags&post=488"}],"curies":[{"name":"wp","href":"https:\/\/api.w.org\/{rel}","templated":true}]}}