{"id":484,"date":"2018-03-07T16:46:58","date_gmt":"2018-03-07T19:46:58","guid":{"rendered":"http:\/\/batista-ma.org.br\/?p=484"},"modified":"2020-03-09T09:11:29","modified_gmt":"2020-03-09T12:11:29","slug":"primeiro-semestre-de-2018","status":"publish","type":"post","link":"https:\/\/batista-ma.org.br\/?p=484","title":{"rendered":"PRIMEIRO SEMESTRE DE 2020"},"content":{"rendered":"<p style=\"text-align: left;\">CALEND\u00c1RIO DE ATIVIDADES-2020<\/p>\n<p style=\"text-align: left;\">TEMA DO ANO:<br \/>\nCELEBRANDO A GL\u00d3RIA DO REINO DE DEUS ATRAV\u00c9S DA COOPERA\u00c7\u00c3O<\/p>\n<p><strong>JANEIRO<\/strong> &#8211; M\u00eas de O Jornal Batista<\/p>\n<p>1 &#8211; Dia da Confraterniza\u00e7\u00e3o Universal<br \/>\n4 &#8211; OlimpER &#8211; Olimp\u00edada dos Embaixadores do Rei (Associacional)<br \/>\n06,13, 20 e 27 &#8211; ANVER\/SS &#8211; 2020 Rio de Janeiro<br \/>\n10 &#8211; Dia do Anivers\u00e1rio de O Jornal Batista &#8211; 110 anos<br \/>\n11 &#8211; Encontro com Mission\u00e1rios e Conveniados (CBM)<br \/>\n13 &#8211; Inicio do ano letivo do Col\u00e9gio Batista<br \/>\n14 a 17 &#8211; Cursos de Extens\u00e3o STBSL<br \/>\n16 a 19 &#8211; Capacita\u00e7\u00e3o e Planejamento Minha Identidade &#8211; PEPE<br \/>\n18 &#8211; 2\u00b0 Caf\u00e9 com Pastores e L\u00edderes &#8211; Abertura do ano convencional &#8211; OPBB\/MA &#8211; CBM 21 e 22 &#8211; Encontro das Organiza\u00e7\u00f5es da CBB &#8211; Goi\u00e2nia &#8211; GO 23 a 26 &#8211; 100a Assembleia da Conven\u00e7\u00e3o Batista Brasileira Tema: Fortalecendo nossa unidade para a gl\u00f3ria de Deus &#8211; CBM<\/p>\n<p><strong>FEVEREIRO<\/strong> &#8211; M\u00eas da Alian\u00e7a Batista Mundial<\/p>\n<p>1 &#8211; OlimpER &#8211; Olimp\u00edada dos Embaixadores do Rei (Associacional)<br \/>\n2 &#8211; Dia da Alian\u00e7a Batista Mundial &#8211; (1\u00b0 domingo)<br \/>\n4 &#8211; Capela Inaugural &#8211; STBSL<br \/>\n7 &#8211; Reuni\u00e3o da ABALEM<br \/>\n8 a 09 &#8211; AcampCER (Associacional)<br \/>\n9 &#8211; Curso de Teologia, Polo Len\u00e7\u00f3is<br \/>\n11 &#8211; Reuni\u00e3o Ordin\u00e1ria do Conselho Geral da Conven\u00e7\u00e3o Batista Maranhense<br \/>\n12 &#8211; Reuni\u00e3o Ordin\u00e1ria do Conselho Geral da Conven\u00e7\u00e3o Batista Maranhense<br \/>\n14 &#8211; Dia Nacional do Conselheiro de Embaixador do Rei<br \/>\n14 e 15 &#8211; 25a Assembleia Ordin\u00e1ria da Associa\u00e7\u00e3o das Igrejas Batista da Grande S\u00e3o Lu\u00eds 14 e 15 &#8211; 17a Assembleia Ordin\u00e1ria da Associa\u00e7\u00e3o das Igrejas Batista Metropolitana 28 e 29 -Encontro de Lideran\u00e7a Associacional &#8211; UFMBMA * F\u00f3rum &#8220;O Perfil do l\u00edder que desejamos ter\u201d CBM para a Comiss\u00e3o<\/p>\n<p><strong>MAR\u00c7O<\/strong> &#8211; M\u00eas de Miss\u00f5es Mundiais 2\u00b0 domingo<\/p>\n<p>1 &#8211; Dia da Esposa do Pastor &#8211; (1\u00b0 domingo)<br \/>\n2 &#8211; Dia de Ora\u00e7\u00e3o pelos filhos de Pastores<br \/>\n6 e 07 &#8211; Relacionamento Discipulador &#8211; PIB Chapadinha &#8211; Palestrante: Raimundo Rodrigues, Associa\u00e7\u00e3o Vale do Munim<br \/>\n7 &#8211; OlimpER &#8211; Olimp\u00edada dos Embaixadores do Rei (Associacional)<br \/>\n8 a 08 &#8211; 31a Assembleia da ABALEM<br \/>\n8 &#8211; Dia Internacional da Mulher<br \/>\n8 &#8211; Dia de Miss\u00f5es Mundiais (2\u00b0 domingo)<br \/>\n13 &#8211; Planejamento Regi\u00f5es do Brasil &#8211; PEPE<br \/>\n14, 15 &#8211; Capacita\u00e7\u00e3o da EBD, na Igreja Batista Betel em Santa In\u00eas &#8211; Associa\u00e7\u00e3o do Vale Pindar\u00e9 26 &#8211; Assembleia das Entidades Executivas e Auxiliares<br \/>\n26 a 28 &#8211; 85a Assembleia da Conven\u00e7\u00e3o Batista Maranhense &#8211; PIB S\u00e3o Mateus<br \/>\n* Vida total da Igreja na PIB em Cachoeira Grande &#8211; Palestrante: Pr. Odilon Santos -Associa\u00e7\u00e3o Vale Munim<\/p>\n<p><strong>ABRIL<\/strong> &#8211; M\u00eas da Escola B\u00edblica Dominical<\/p>\n<p>01 a 03 &#8211; Semana Teol\u00f3gica: \u00c1rea: Educa\u00e7\u00e3o Crist\u00e3 &#8211; Dra. Gledys Domingues (STBSL)<br \/>\n04 &#8211; Encontro com as Igrejas da \u00e1rea 01 das Associa\u00e7\u00f5es ABM e IBGSL<br \/>\n9 a 11 &#8211; TEEN Maranh\u00e3o (JUBAMA)<br \/>\n10 a 12 &#8211; Assembleia da Associa\u00e7\u00e3o das Igrejas Batista da Baixada em Palmeir\u00e2ndia &#8211; Baixada<br \/>\n11, 12 &#8211; 7a Assembleia da Associa\u00e7\u00e3o das Igrejas Batistas do Vale do Pindar\u00e9 &#8211; PIB em Newton Bello<br \/>\n12 &#8211; Domingo de P\u00e1scoa<br \/>\n17 a 19 &#8211; Assembleia da Associa\u00e7\u00e3o das Igrejas Batista do Alto Tur\u00ed &#8211; Tema: Relacionamento Discipulador<br \/>\n22 &#8211; Dia Mundial de Ora\u00e7\u00e3o e Testemunho do Homem Batista (UMHBMA)<br \/>\n24 e 25 &#8211; Semin\u00e1rio para Pastores e L\u00edderes &#8220;Vida Saud\u00e1vel\u201d CBM e OPB\/MA, Orador: Abner Morilha<br \/>\n25 a 26 &#8211; 1\u00b0 CICER 2020 (Associacional)<br \/>\n26 &#8211; Dia Nacional da Mulher (A\u00e7\u00e3o Social)<br \/>\n27 &#8211; Dia da Escola B\u00edblica Dominical &#8211; (4a domingo)<br \/>\n30 &#8211; Dia Nacional da Mulher<\/p>\n<p><strong>MAIO<\/strong> &#8211; M\u00eas da Fam\u00edlia<\/p>\n<p>01 &#8211; Dia de ora\u00e7\u00e3o e Testemunho &#8211; I. B. Cinquenten\u00e1rio &#8211; UFMBMA 01 &#8211; Encontro Regional das Mulheres (ABAlEm)<br \/>\n1 a 03 &#8211; Assembleia da Associa\u00e7\u00e3o das Igrejas Batista dos Cocais &#8211; Lago A\u00e7u<br \/>\n2 &#8211; Dia Batista de A\u00e7\u00e3o Social da Conven\u00e7\u00e3o Batista Maranhense<br \/>\n3 &#8211; Dia Batista de A\u00e7\u00e3o Social &#8211; 1\u00b0 domingo do m\u00eas 05 a 07 &#8211; 1a Semana Mission\u00e1ria STBSL\/JMN<br \/>\n10 &#8211; Dia das M\u00e3es &#8211; 2\u00b0 domingo do m\u00eas<br \/>\n15 a 17 &#8211; Multiplique da Associa\u00e7\u00e3o das Igrejas Batista do Vale do Pindar\u00e9 &#8211; Igreja Batista Betel em Santa In\u00eas<br \/>\n15 a 17 &#8211; Congresso fortalecendo o relacionamento familiar na Igreja Batista Peniel em V\u00eddeo (Pr. Reginaldo Mendes) Associa\u00e7\u00e3o Vale do Munim<br \/>\n15 a 17 &#8211; Data reservada para as Associa\u00e7\u00f5es Metropolitana e Grande S\u00e3o Luis<br \/>\n20 &#8211; Reuni\u00e3o ordin\u00e1rio do Conselho Geral da Conven\u00e7\u00e3o Batista Maranhense &#8211; PIB em Santa In\u00eas<br \/>\n21 &#8211; Reuni\u00e3o ordin\u00e1rio do Conselho Geral da Conven\u00e7\u00e3o Batista Maranhense &#8211; PIB em Santa In\u00eas<br \/>\n23 a 25- Congresso da Fam\u00edlia Pastoral Batista &#8211; OPBB\/MA<br \/>\n24 &#8211; Dia da Comunica\u00e7\u00e3o Batista &#8211; 4\u00b0 domingo do m\u00eas<br \/>\n30 &#8211; Encontro com as Igrejas das \u00c1reas 02, 03, 04 e 07 (ABM e AIBGSL)<br \/>\n30\/5 a 03\/06 &#8211; Curso de Lideran\u00e7a Avan\u00e7ada do Haggai em S\u00e3o Lu\u00eds (STBSL)<\/p>\n<p><strong>JUNHO<\/strong> &#8211; M\u00eas do Pastor<\/p>\n<p>30\/5 a 03\/06 &#8211; Curso de Lideran\u00e7a Avan\u00e7ada do Haggai em S\u00e3o Lu\u00eds 01 &#8211; Dia internacional de Ora\u00e7\u00e3o pelas Crian\u00e7as em Crise<br \/>\n5 &#8211; 07 &#8211; Congresso Regional Multiplique &#8211; Associa\u00e7\u00e3o dos Len\u00e7ois Maranhense<br \/>\n6 &#8211; I F\u00f3rum dos Profissionais Cont\u00e1beis Eclesi\u00e1sticos &#8211; CBM<br \/>\n7 &#8211; Dia do Homem Batista &#8211; 1a domingo do m\u00eas<br \/>\n11 a 13 &#8211; Congresso dos Homens Batistas Associacional (UMHBMA)<br \/>\n14 &#8211; Dia do Pastor &#8211; 2\u00b0 domingo do m\u00eas<br \/>\n19 a 21 &#8211; XXVII Assembleia e Congresso Geral em Pirapemas &#8211; MUNIM<br \/>\n23 &#8211; Dia de Educa\u00e7\u00e3o Crist\u00e3 Mission\u00e1ria &#8211; Anivers\u00e1rio da UFMBB (112 anos)<br \/>\n25 &#8211; Capela de encerramento do semestre &#8211; STBSL<br \/>\n26 &#8211; Dia do Mission\u00e1rio Batista<br \/>\n26 &#8211; Planejamento Meio Ambiente &#8211; PEPE<\/p>\n<p><strong>JULHO<\/strong> &#8211; M\u00eas de Miss\u00f5es Estaduais<\/p>\n<p>5 &#8211; Abertura da Campanha de Miss\u00f5es Estaduais<br \/>\n6 &#8211; 06 a 10 &#8211; Cursos de Extens\u00e3o STBSL<br \/>\n10, 11 &#8211; Congresso de Promotores de Miss\u00f5es &#8211; ABA (CBM)<br \/>\n17 a 19 &#8211; 21\u00b0 CONJUBALEM<br \/>\n17 a 19 &#8211; CONJUBAVAP<br \/>\n18 ,19 &#8211; Celebra\u00e7\u00e3o dos 10 anos Trans Junco do Maranh\u00e3o<br \/>\n19 a 21 &#8211; Congresso Estadual das MR (71 anos), ABA<br \/>\n20 &#8211; 2\u00b0 Congresso dos Mission\u00e1rios do Campo Batista Maranhense &#8211; CBM<br \/>\n22 a 26 &#8211; Congresso da Alian\u00e7a Batista Mundial &#8211; JUNTOS 2020<br \/>\n24 a 26 &#8211; 2\u00b0 CICER 2020 (Associacional)<br \/>\n25 &#8211; Encontro com as Igrejas das \u00c1reas 05 e 06 (ABM e AIBGSL)<br \/>\n25 &#8211; Reuni\u00e3o com as Lideran\u00e7as do Campo &#8211; UMHBMA *UFMBMA mais perto de voc\u00ea (Associa\u00e7\u00e3o Alto Turi &#8211; Capacita\u00e7\u00e3o)<br \/>\n*UFMBMA mais perto de voc\u00ea (Associa\u00e7\u00e3o Vale do Pindar\u00e9 &#8211; Capacita\u00e7\u00e3o)<\/p>\n","protected":false},"excerpt":{"rendered":"<p>CALEND\u00c1RIO DE ATIVIDADES-2020 TEMA DO ANO: CELEBRANDO A GL\u00d3RIA DO REINO DE DEUS ATRAV\u00c9S DA COOPERA\u00c7\u00c3O JANEIRO &#8211; M\u00eas de O Jornal Batista 1 &#8211; Dia da Confraterniza\u00e7\u00e3o Universal 4 &#8211; OlimpER &#8211; Olimp\u00edada dos Embaixadores do Rei (Associacional) 06,13, 20 e 27 &#8211; ANVER\/SS &#8211; 2020 Rio de Janeiro 10 &#8211; Dia do Anivers\u00e1rio [&hellip;]<\/p>\n","protected":false},"author":2,"featured_media":0,"comment_status":"open","ping_status":"open","sticky":false,"template":"","format":"standard","meta":{"_themeisle_gutenberg_block_has_review":false,"footnotes":""},"categories":[37],"tags":[],"class_list":{"0":"post-484","1":"post","2":"type-post","3":"status-publish","4":"format-standard","6":"category-calendario"},"_links":{"self":[{"href":"https:\/\/batista-ma.org.br\/index.php?rest_route=\/wp\/v2\/posts\/484"}],"collection":[{"href":"https:\/\/batista-ma.org.br\/index.php?rest_route=\/wp\/v2\/posts"}],"about":[{"href":"https:\/\/batista-ma.org.br\/index.php?rest_route=\/wp\/v2\/types\/post"}],"author":[{"embeddable":true,"href":"https:\/\/batista-ma.org.br\/index.php?rest_route=\/wp\/v2\/users\/2"}],"replies":[{"embeddable":true,"href":"https:\/\/batista-ma.org.br\/index.php?rest_route=%2Fwp%2Fv2%2Fcomments&post=484"}],"version-history":[{"count":14,"href":"https:\/\/batista-ma.org.br\/index.php?rest_route=\/wp\/v2\/posts\/484\/revisions"}],"predecessor-version":[{"id":2776,"href":"https:\/\/batista-ma.org.br\/index.php?rest_route=\/wp\/v2\/posts\/484\/revisions\/2776"}],"wp:attachment":[{"href":"https:\/\/batista-ma.org.br\/index.php?rest_route=%2Fwp%2Fv2%2Fmedia&parent=484"}],"wp:term":[{"taxonomy":"category","embeddable":true,"href":"https:\/\/batista-ma.org.br\/index.php?rest_route=%2Fwp%2Fv2%2Fcategories&post=484"},{"taxonomy":"post_tag","embeddable":true,"href":"https:\/\/batista-ma.org.br\/index.php?rest_route=%2Fwp%2Fv2%2Ftags&post=484"}],"curies":[{"name":"wp","href":"https:\/\/api.w.org\/{rel}","templated":true}]}}