{"id":483,"date":"2018-03-07T17:07:02","date_gmt":"2018-03-07T20:07:02","guid":{"rendered":"http:\/\/batista-ma.org.br\/?p=483"},"modified":"2022-08-09T10:02:20","modified_gmt":"2022-08-09T13:02:20","slug":"calendario","status":"publish","type":"post","link":"https:\/\/batista-ma.org.br\/?p=483","title":{"rendered":"CALEND\u00c1RIO DE ATIVIDADES 2022 (2\u00ba SEMESTRE)"},"content":{"rendered":"<p>&nbsp;<\/p>\n<p>CALEND\u00c1RIO DE ATIVIDADES 2022<br \/>\nCONVEN\u00c7\u00c3O BATISTA BRASILEIRA<br \/>\nTema: \u201cBusquemos a paz com miseric\u00f3rdia\u201d.<br \/>\nDivisa: \u201cAntes sede uns para com os outros benignos, misericordiosos, perdoando-vos uns aos outros, como tamb\u00e9m Deus vos perdoou em Cristo\u201d. Ef\u00e9sios 4.32<\/p>\n<p>CONVEN\u00c7\u00c3O BATISTA MARANHENSE<br \/>\nTema: HIST\u00d3RIA &#8211; DOUTRINA &#8211; COOPERA\u00c7\u00c3O<br \/>\nDivisa: \u201cDou gra\u00e7as ao meu Deus por tudo que recordo de v\u00f3s, pela vossa coopera\u00e7\u00e3o no evangelho, desde o primeiro dia at\u00e9 agora.\u201d Fp 1.3,5<\/p>\n<p>JANEIRO &#8211; M\u00eas de O Jornal Batista<br \/>\n01 &#8211; Dia da Confraterniza\u00e7\u00e3o Universal<br \/>\n03 &#8211; Retorno das Atividades Administrativas (Expediente m\u00eas de f\u00e9rias: 16h as 20h) &#8211; STBSL<br \/>\n8 e 9 &#8211; Confer\u00eancia Mission\u00e1ria \u2013 Lu\u00eds Domingues &#8211; MA<br \/>\n10 &#8211; Dia do Anivers\u00e1rio de O Jornal Batista<br \/>\n10 a 16 \u2013 101\u00aa Assembleia da Conven\u00e7\u00e3o Batista Brasileira<br \/>\n11 &#8211; 3\u00ba Seletivo \u2013 STBSL<br \/>\n14 a 16 \u2013 Congresso Geral da JUBAVAM, em Bacabeiras<br \/>\n15 \u2013 Planejamento estrat\u00e9gico \u2013 Diretoria e Lideran\u00e7a &#8211; UMHBMA<br \/>\n17 a 21 &#8211; Cursos de Extens\u00e3o STBSL<br \/>\n20 &#8211; 4\u00ba Seletivo &#8211; STBSL<br \/>\n20 a 22 &#8211; Capacita\u00e7\u00e3o e Planejamento Minha Identidade &#8211; PEPE<br \/>\n21 &#8211; Culto Mission\u00e1rio \u2013 Amap\u00e1 do Maranh\u00e3o<br \/>\n22 &#8211; Encontro da Lideran\u00e7a &#8211; AIBAT<\/p>\n<p>FEVEREIRO &#8211; M\u00eas da Alian\u00e7a Batista Mundial<br \/>\n04 &#8211; Reuni\u00e3o da Diretoria &#8211; ABALEM<br \/>\n04 e 05 &#8211; Retiro de Pastores e Obreiros \u2013 AB Cocais<br \/>\n07 &#8211; Alinhamento Pedag\u00f3gico -STBSL<br \/>\n08 &#8211; Capela Inaugural &#8211; STBSL<br \/>\n06 &#8211; Dia da Alian\u00e7a Batista Mundial &#8211; 1\u00b0 Domingo do M\u00eas<br \/>\n14 &#8211; Dia Nacional do Conselheiro de Embaixador do Rei<br \/>\n19 &#8211; Acampamento de Promotores de Miss\u00f5es &#8211; Alto Turi<br \/>\n22 \u2013 Culto de Dia Municipal dos Embaixadores do Rei \u2013 S\u00e3o Lu\u00eds<br \/>\n26 &#8211; Anivers\u00e1rio do S\u00edtio do Sossego<\/p>\n<p>MAR\u00c7O &#8211; M\u00eas de Miss\u00f5es Mundiais<br \/>\n06 &#8211; Dia da Esposa do Pastor &#8211; 1\u00ba Domingo do M\u00eas<br \/>\n07 \u2013 Reuni\u00e3o Conselho FABAMA<br \/>\n07 &#8211; Dia de Ora\u00e7\u00e3o pelos Filhos de Pastores<br \/>\n08 &#8211; Dia Internacional da Mulher<br \/>\n12 \u2013 Encontro da Lideran\u00e7a AIBAT<br \/>\n13 &#8211; Dia de Miss\u00f5es Mundiais &#8211; 2\u00ba Domingo do M\u00eas<br \/>\n18 &#8211; Planejamento Regi\u00f5es do Brasil &#8211; PEPE<br \/>\n22-24 Reuni\u00e3o do Conselho Geral &#8211; CBB<br \/>\n25 A 27 &#8211; Assembleia e Congresso Geral \u2013 AB Cocais<br \/>\n26 e 27 &#8211; 32\u00aa Assembleia da ABALEM<br \/>\n26 &#8211; Encontro com a lideran\u00e7a das igrejas local e Coordenador da regi\u00e3o do Munin &#8211; UMHBMA<\/p>\n<p>ABRIL &#8211; M\u00eas da Escola B\u00edblica Dominical<br \/>\n03 &#8211; Domingo de P\u00e1scoa<br \/>\n05 a 07 \u2013 Semana Teol\u00f3gica &#8211; STBSL<br \/>\n09 &#8211; Treinamento para Escola B\u00edblica Dominical &#8211; AIBAT<br \/>\n20 &#8211; 3\u00ba Anivers\u00e1rio do Projeto Mission\u00e1rio Barreirinhas, Cidade Nova<br \/>\n22 &#8211; Planejamento Minha Comunidade &#8211; PEPE<br \/>\n22 &#8211; Dia Mundial de Ora\u00e7\u00e3o e Testemunho do Homem Batista<br \/>\n24 &#8211; Dia da Escola B\u00edblica Dominical &#8211; 4\u00ba Domingo do M\u00eas<br \/>\n27,28,29,30 &#8211; 85\u00aa ASSEMBLEIA DA CBM<br \/>\n30 &#8211; Dia Nacional da Mulher<\/p>\n<p>MAIO &#8211; M\u00eas da Fam\u00edlia<br \/>\n01 &#8211; Encontro da MCM Len\u00e7\u00f3is<br \/>\n01 &#8211; Dia Batista de A\u00e7\u00e3o Social &#8211; 1\u00ba Domingo do M\u00eas<br \/>\n08 &#8211; Dia das M\u00e3es &#8211; 2\u00ba Domingo do M\u00eas<br \/>\n10 a 12 \u2013 1\u00aa Semana Mission\u00e1ria STBSL\/JMN<br \/>\n13, 14 e 15 \u2013 Assembleia da AIBAT<br \/>\n14 \u2013 Reuni\u00e3o Trimestral com toda a Lideran\u00e7a Estadual. Local: Cocais &#8211; UMHBMA<br \/>\n22 &#8211; Dia da Comunica\u00e7\u00e3o Batista &#8211; 4\u00ba Domingo do M\u00eas<br \/>\n24 \u2013 Conc\u00edlio Simulado &#8211; Capelania STBSL<br \/>\n28 &#8211; Encontro com a lideran\u00e7a das igrejas local e Coordenador da regi\u00e3o da Baixada &#8211; UMHBMA<\/p>\n<p>JUNHO &#8211; M\u00eas do Pastor<br \/>\n02 &#8211; Dia Internacional de Ora\u00e7\u00e3o pelas Crian\u00e7as em Crise<br \/>\n05 \u2013 Abertura de Miss\u00f5es Estaduais nas Igrejas \u2013 AIBAT<br \/>\n06 \u2013 Reuni\u00e3o Conselho FABAMA<br \/>\n05 &#8211; Dia do Homem Batista &#8211; 1\u00ba Domingo do M\u00eas<br \/>\n12 &#8211; Dia do Pastor &#8211; 2\u00ba Domingo do M\u00eas<br \/>\n17 &#8211; 32\u00ba Anivers\u00e1rio da ABALEM (1990)<br \/>\n17 &#8211; Planejamento Meio Ambiente &#8211; PEPE<br \/>\n20 \u2013 1\u00ba Seletivo &#8211; STBSL<br \/>\n22 &#8211; 115 Anos da Conven\u00e7\u00e3o Batista Brasileira<br \/>\n23 &#8211; Dia de Educa\u00e7\u00e3o Crist\u00e3 Mission\u00e1ria &#8211; Anivers\u00e1rio da UFMBB<br \/>\n23 \u2013 Capela Encerramento Semestre &#8211; STBSL<br \/>\n26 &#8211; Dia do Mission\u00e1rio Batista<\/p>\n<p>CALEND\u00c1RIO DE ATIVIDADES 2\u00ba SEMESTRE 2022<br \/>\nCONVEN\u00c7\u00c3O BATISTA BRASILEIRA<br \/>\nTema: \u201cBusquemos a paz com miseric\u00f3rdia\u201d.<br \/>\nDivisa: \u201cAntes sede uns para com os outros benignos, misericordiosos, perdoando-vos uns aos outros, como tamb\u00e9m Deus vos perdoou em Cristo\u201d. Ef\u00e9sios 4.32<\/p>\n<p>CONVEN\u00c7\u00c3O BATISTA MARANHENSE<br \/>\nTema: HIST\u00d3RIA-DOUTRINA-COOPERA\u00c7\u00c3O &#8211; Unidade atrav\u00e9s da coopera\u00e7\u00e3o<br \/>\nDivisa: \u201cDou gra\u00e7as ao meu Deus por tudo que recordo de v\u00f3s, pela vossa coopera\u00e7\u00e3o no evangelho, desde o primeiro dia at\u00e9 agora.\u201d Fp 1.3,5<\/p>\n<p>JULHO &#8211; M\u00eas de Miss\u00f5es Estaduais<br \/>\n01 a 03 \u2013 Congresso Estadual das Mensageiras do Rei<br \/>\n02 \u2013 Culto Associacional \u2013 AIBGSL<br \/>\n02 &#8211; JUBAMA: Acampamento, interc\u00e2mbios, evangelismo, treinamento nas \u00e1reas da Ilha<br \/>\n07 \u2013 2\u00ba Seletivo &#8211; STBSL<br \/>\n09 \u2013 Encontro da Lideran\u00e7a \u2013 AIBAT<br \/>\n09 &#8211; JUBAMA: Acampamento, interc\u00e2mbios, evangelismo, treinamento nas \u00e1reas da Ilha<br \/>\n10 \u00e0 17 \u2013 Opera\u00e7\u00e3o Jesus Transforma \u2013 Maranh\u00e3ozinho<br \/>\n11 a 15 \u2013 Cursos de Extens\u00e3o STBSL<br \/>\n16 e 17 &#8211; 21\u00ba CON-JUBALEM &#8211; Santa Clara<br \/>\n17 &#8211; Dia de O Jornal Batista &#8211; 3\u00ba Domingo do M\u00eas<br \/>\n17 \u2013 Culto de Dedica\u00e7\u00e3o da Oferta Especial do SIM nas Igrejas<br \/>\n19 \u2013 3\u00ba Seletivo &#8211; STBSL<br \/>\n29 a 31 &#8211; CONFRA-JOVENS \u2013 AB Cocais<br \/>\n30 &#8211; Encontro com a lideran\u00e7a das igrejas local e Coordenador da regi\u00e3o do Alto do Turi em Governador Nunes Freire<br \/>\n30 \u2013 Anivers\u00e1rio de 53 anos da JUBAMA<\/p>\n<p>AGOSTO &#8211; M\u00eas da Juventude e do Adolescente<br \/>\n06 \u2013 JUBAMA &#8211; Dia de Evangelismo da Juventude e Interc\u00e2mbio das \u00e1reas nas Igrejas em S\u00e3o Lu\u00eds<br \/>\n07 &#8211; Dia do Adolescente Batista &#8211; 1\u00ba Domingo do M\u00eas<br \/>\n08 &#8211; Alinhamento Pedag\u00f3gico &#8211; STBSL<br \/>\n09 a 11 \u2013 Congresso Vida Nova &#8211; STBSL<br \/>\n12 &#8211; Reuni\u00e3o da Diretoria Administrativa da ABALEM<br \/>\n12 a 14 \u2013 Assembleia da JUBAMA<br \/>\n13 \u2013 Reuni\u00e3o Trimestral com toda a Lideran\u00e7a Estadual. Local: Baixada \u2013 UMHBMA<br \/>\n13 \u2013 Caf\u00e9 com Pastores e l\u00edderes-AIBGSL<br \/>\n14 &#8211; Dia dos Pais &#8211; 2\u00ba Domingo do M\u00eas<br \/>\n16 a 18 \u2013 Reuni\u00e3o do Conselho Geral \u2013 CBB<br \/>\n19 \u2013 CARRETA DO SERT\u00c3O\/JMN \u2013 Lima Campos-MA<br \/>\n20 \u2013 CARRETA DO SERT\u00c3O\/JMN \u2013 Bernardo do Mearim-MA<br \/>\n21 &#8211; Dia do Jovem Batista &#8211; 3\u00ba Domingo do M\u00eas<br \/>\n23 a 24- Reuni\u00e3o do Conselho Geral &#8211; CBM<br \/>\n25 &#8211; Dia Nacional do Embaixador do Rei &#8211; 72\u00ba Anivers\u00e1rio (1948-2021)<br \/>\n25 a 27 &#8211; Semana Teol\u00f3gica \u2013 AB Cocais<br \/>\n26 \u2013 CARRETA DO SERT\u00c3O\/JMN \u2013 Trizidela do Vale-MA<br \/>\n28 \u2013 CARRETA DO SERT\u00c3O\/JMN \u2013 Pedreiras-MA<br \/>\n31 &#8211; CARRETA DO SERT\u00c3O\/JMN &#8211; Ros\u00e1rio-MA<\/p>\n<p>SETEMBRO &#8211; M\u00eas de Miss\u00f5es Nacionais<\/p>\n<p>01 &#8211; CARRETA DO SERT\u00c3O &#8211; Ros\u00e1rio-MA<br \/>\n03-JUBAMA: Acampamento, interc\u00e2mbios, evangelismo, treinamento nas \u00e1reas em S\u00e3o Lu\u00eds<br \/>\n07 &#8211; Desfile dos ER<br \/>\n07 \u2013 CARRETA DO SERT\u00c3O\/JMN \u2013 S\u00e3o Jos\u00e9 de Ribamar-MA<br \/>\n08 \u2013 CARRETA DO SERT\u00c3O\/JMN \u2013 Raposa<br \/>\n09 \u2013 CARRETA DO SERT\u00c3O\/JMN \u2013 Itaqui Bacanga (\u00c1rea 01)<br \/>\n10 \u2013 CARRETA DO SERT\u00c3O\/JMN \u2013 Pa\u00e7o do Lumiar-MA<br \/>\n10 &#8211; Dia do In\u00edcio do Trabalho Batista no Brasil em Santa Barbara d\u2019Oeste (151 Anos)<br \/>\n10 \u2013 JUBAMA: Acampamento, interc\u00e2mbios, evangelismo, treinamento nas \u00e1reas da Ilha<br \/>\n10 e 11 &#8211; IV Encontro da UMHB dos Len\u00e7\u00f3is Maranhenses \u2013 UMHBALEM 11 &#8211; Dia de Miss\u00f5es Nacionais &#8211; 2\u00ba Domingo do M\u00eas<br \/>\n12 \u2013 Reuni\u00e3o Conselho FABAMA<br \/>\n15 \u2013 Capela dos ex-seminaristas e seminaristas &#8211; STBSL<br \/>\n17 \u2013 Encontro da Lideran\u00e7a AIBAT<br \/>\n23 a 25 &#8211; CONFRA-HOMENS \u2013 AB Cocais<br \/>\n23 &#8211; Planejamento Animais &#8211; PEPE<br \/>\n24 &#8211; Encontro com a lideran\u00e7a das igrejas local e Coordenador da regi\u00e3o em S\u00e3o Lu\u00eds \u2013 UMHBMA<br \/>\n24 \u2013 Caf\u00e9 com pastores e l\u00edderes das \u00e1reas \u2013 Metropolitana<br \/>\n24 \u2013 Encontro de coros e grupos \u2013 M\u00fasicos Batistas Maranhenses<br \/>\n27 \u2013 Conc\u00edlio Simulado &#8211; Capelania STBSL<br \/>\n28 \u2013 Reuni\u00e3o da diretoria da AIBGSL<\/p>\n<p>OUTUBRO &#8211; M\u00eas das Crian\u00e7as<br \/>\n01-JUBAMA: Acampamento, interc\u00e2mbios, evangelismo, treinamento nas \u00e1reas da Ilha<br \/>\n02-Amigo de Miss\u00f5es<br \/>\n04 a 06 \u2013 Semana Teol\u00f3gica \u2013 STBSL<br \/>\n08- JUBAMA: Acampamento, interc\u00e2mbios, evangelismo, treinamento nas \u00e1reas da Ilha<br \/>\n09 &#8211; Dia da Crian\u00e7a Batista &#8211; 2\u00ba Domingo do M\u00eas<br \/>\n10 a 16 &#8211; EVANGELIZA-LEN\u00c7\u00d3IS<br \/>\n12 &#8211; Dia Batista de Evangelismo Pessoal<br \/>\n15 &#8211; Dia Batista do Brasil<br \/>\n16 &#8211; Dia do Educador Crist\u00e3o &#8211; 3\u00b0 Domingo do M\u00eas<br \/>\n22 \u2013 Culto de Dia Municipal dos Embaixadores do Rei<br \/>\n22 \u2013 Caf\u00e9 com pastores e l\u00edderes-AIBGSL<br \/>\n22 \u2013 Semin\u00e1rio Pastores Emocionalmente Saud\u00e1veis \u2013 IB Farol<br \/>\n22 \u2013 AdorArt \u2013 Noite de Talentos<br \/>\n23 &#8211; Dia do Plano Cooperativo &#8211; 4\u00ba Domingo do M\u00eas<br \/>\n28 &#8211; Planejamento Natal &#8211; PEPE<br \/>\n31 &#8211; Dia da Reforma Protestante<\/p>\n<p>NOVEMBRO &#8211; M\u00eas da Educa\u00e7\u00e3o Teol\u00f3gica<br \/>\n04 &#8211; Reuni\u00e3o da Diretoria Administrativa da ABALEM<br \/>\n05- JUBAMA: Acampamento, interc\u00e2mbios, evangelismo, treinamento nas \u00e1reas da Ilha<br \/>\n07 &#8211; Dia Batista de Ora\u00e7\u00e3o Mundial &#8211; 1\u00aa Segunda-Feira do M\u00eas<br \/>\n07 \u2013 Reuni\u00e3o Conselho FABAMA<br \/>\n12 \u2013 Reuni\u00e3o Trimestral com toda a Lideran\u00e7a Estadual. Local: S\u00e3o Lu\u00eds \u2013 UMHBMA<br \/>\n12 \u2013 JUBAMA: Acampamento, interc\u00e2mbios, evangelismo, treinamento nas \u00e1reas da Ilha<br \/>\n13 &#8211; Dia do Di\u00e1cono Batista &#8211; 2\u00ba Domingo do M\u00eas<br \/>\n16 e 17 \u2013 Reuni\u00e3o do Conselho Geral da CBM<br \/>\n18 e 19 \u2013 Congresso de M\u00fasicos Batistas Maranhenses<br \/>\n19 \u2013 Encontro da Lideran\u00e7a AIBAT<br \/>\n20 &#8211; Dia da Educa\u00e7\u00e3o Teol\u00f3gica &#8211; 3\u00ba Domingo do M\u00eas<br \/>\n22-24 Reuni\u00e3o do Conselho Geral &#8211; CBB<br \/>\n24 &#8211; Dia Nacional de A\u00e7\u00e3o de Gra\u00e7as &#8211; \u00daltima 5\u00aa Quinta-Feira do m\u00eas<br \/>\n25 a 27 \u2013 Congresso da MCM Estadual<br \/>\n26 \u2013 Encontro da Lideran\u00e7a AIBAT<br \/>\n27 &#8211; Dia do Ministro de M\u00fasica Batista &#8211; 4\u00ba Domingo do M\u00eas<br \/>\n30 \u2013 Dia do Te\u00f3logo<\/p>\n<p>DEZEMBRO &#8211; M\u00eas da B\u00edblia<br \/>\n01 \u2013 Formatura \u2013STBSL<br \/>\n03-JUBAMA: Exame Estadual de Conhecimento B\u00edblico \u2013 E\u00b2CoBi<br \/>\n4 a 11 \u2013 Semana da B\u00edblia \u2013 AIBAT<br \/>\n08 \u2013 Confraterniza\u00e7\u00e3o da UMHBMA<br \/>\n08 \u2013 1\u00ba Seletivo &#8211; STBSL<br \/>\n05 a 10 &#8211; Encerramento das Atividades do PEPE<br \/>\n09-JUBAMA: Coral das \u00e1reas nos Terminais<br \/>\n10-JUBAMA: Coral das \u00e1reas na Litor\u00e2nea<br \/>\n11 &#8211; Dia da B\u00edblia &#8211; 2\u00ba Domingo do M\u00eas<br \/>\n11-Impacto B\u00edblico por \u00e1rea \u2013 Metropolitana<br \/>\n11 \u2013 JUBAMA: Leitura P\u00fablica do Novo Testamento<br \/>\n13 \u2013 Dia do Trabalho da SMHB no Maranh\u00e3o<br \/>\n17 \u2013 Encontro de L\u00edderes em comemora\u00e7\u00e3o do Anivers\u00e1rio da SMHB na Segunda Igreja Batista de S\u00e3o Lu\u00eds<br \/>\n19 \u2013 2\u00ba Seletivo &#8211; STBSL<br \/>\n25 &#8211; Natal<br \/>\n31 &#8211; Ano Novo<\/p>\n<p><strong>\u00a0<\/strong><\/p>\n","protected":false},"excerpt":{"rendered":"<p>&nbsp; CALEND\u00c1RIO DE ATIVIDADES 2022 CONVEN\u00c7\u00c3O BATISTA BRASILEIRA Tema: \u201cBusquemos a paz com miseric\u00f3rdia\u201d. Divisa: \u201cAntes sede uns para com os outros benignos, misericordiosos, perdoando-vos uns aos outros, como tamb\u00e9m Deus vos perdoou em Cristo\u201d. Ef\u00e9sios 4.32 CONVEN\u00c7\u00c3O BATISTA MARANHENSE Tema: HIST\u00d3RIA &#8211; DOUTRINA &#8211; COOPERA\u00c7\u00c3O Divisa: \u201cDou gra\u00e7as ao meu Deus por tudo que [&hellip;]<\/p>\n","protected":false},"author":2,"featured_media":0,"comment_status":"open","ping_status":"open","sticky":false,"template":"","format":"standard","meta":{"_themeisle_gutenberg_block_has_review":false,"footnotes":""},"categories":[37],"tags":[],"class_list":{"0":"post-483","1":"post","2":"type-post","3":"status-publish","4":"format-standard","6":"category-calendario"},"_links":{"self":[{"href":"https:\/\/batista-ma.org.br\/index.php?rest_route=\/wp\/v2\/posts\/483"}],"collection":[{"href":"https:\/\/batista-ma.org.br\/index.php?rest_route=\/wp\/v2\/posts"}],"about":[{"href":"https:\/\/batista-ma.org.br\/index.php?rest_route=\/wp\/v2\/types\/post"}],"author":[{"embeddable":true,"href":"https:\/\/batista-ma.org.br\/index.php?rest_route=\/wp\/v2\/users\/2"}],"replies":[{"embeddable":true,"href":"https:\/\/batista-ma.org.br\/index.php?rest_route=%2Fwp%2Fv2%2Fcomments&post=483"}],"version-history":[{"count":6,"href":"https:\/\/batista-ma.org.br\/index.php?rest_route=\/wp\/v2\/posts\/483\/revisions"}],"predecessor-version":[{"id":3450,"href":"https:\/\/batista-ma.org.br\/index.php?rest_route=\/wp\/v2\/posts\/483\/revisions\/3450"}],"wp:attachment":[{"href":"https:\/\/batista-ma.org.br\/index.php?rest_route=%2Fwp%2Fv2%2Fmedia&parent=483"}],"wp:term":[{"taxonomy":"category","embeddable":true,"href":"https:\/\/batista-ma.org.br\/index.php?rest_route=%2Fwp%2Fv2%2Fcategories&post=483"},{"taxonomy":"post_tag","embeddable":true,"href":"https:\/\/batista-ma.org.br\/index.php?rest_route=%2Fwp%2Fv2%2Ftags&post=483"}],"curies":[{"name":"wp","href":"https:\/\/api.w.org\/{rel}","templated":true}]}}