{"id":480,"date":"2023-05-25T11:21:23","date_gmt":"2023-05-25T14:21:23","guid":{"rendered":"http:\/\/batista-ma.org.br\/?p=480"},"modified":"2023-05-25T11:21:24","modified_gmt":"2023-05-25T14:21:24","slug":"vale-do-pindare","status":"publish","type":"post","link":"https:\/\/batista-ma.org.br\/?p=480","title":{"rendered":"ASSOCIA\u00c7\u00c3O BATISTA VALE DO PINDAR\u00c9"},"content":{"rendered":"<p style=\"text-align: left;\">\n<p><strong>ASSOCIA\u00c7\u00c3O DAS IGREJAS BATISTAS DO <\/strong><br \/>\n<strong>VALE DO PINDAR\u00c9<\/strong><br \/>\n<strong>PALAVRA DO PRESIDENTE<\/strong><\/p>\n<p>Disse-lhes: &#8220;A colheita \u00e9 grande, mas os trabalhadores s\u00e3o poucos. Portanto, pe\u00e7am ao Senhor da colheita que mande trabalhadores para a sua colheita. Lc10:2<br \/>\nO Vale do Pindar\u00e9 \u00e9 um grande desafio pelo vasto territ\u00f3rio que abrange a Associa\u00e7\u00e3o das Igrejas Batistas do Vale do Pindar\u00e9, desafio esse que se constitui em sermos uma Associa\u00e7\u00e3o comprometida com a obra de evangeliza\u00e7\u00e3o e fortalecimento denominacional. O Vale do Pindar\u00e9 \u00e9 composto por 15 cidades (Arari, Vit\u00f3ria do Mearim, Igarap\u00e9 do Meio, Mon\u00e7\u00e3o, Bela Vista do Maranh\u00e3o, Santa In\u00eas, Pindar\u00e9 Mirim, Bom Jardim, Governador Newton Bello, Z\u00e9 Doca, Santa Luzia, Alto Alegre do Pindar\u00e9, Tufil\u00e2ndia, Buriticupu, Bom Jesus das Selvas e Gameleira no munic\u00edpio de Cajari). Atualmente somos 16 igrejas, 12 pastores, 22 obreiros, 01 evangelista, 15 seminaristas, 12 congrega\u00e7\u00f5es, 2 frentes mission\u00e1rias e 4 igrejas est\u00e3o sem pastor. Mesmo com tantos desafios e poucos recursos financeiros Deus tem nos aben\u00e7oado. N\u00e3o temos parado e temos visto a obra se expandindo. Ap\u00f3s um ano de nossa posse \u00e0 frente da associa\u00e7\u00e3o temos observado um povo corajoso e decidido em fazer a obra do Senhor. Jovens assumindo lideran\u00e7a no minist\u00e9rio das igrejas. Com a ajuda dos que j\u00e1 passaram por este desafio temos tido um di\u00e1logo aberto com os pastores e l\u00edderes que comp\u00f5em o grande vale do Pindar\u00e9. Gra\u00e7as a Deus temos boa acolhida entre a nossa lideran\u00e7a. Em nossas conversas e prega\u00e7\u00f5es nas igrejas percebi que n\u00f3s precis\u00e1vamos resgatar a nossa identidade batista. J\u00e1 demos o primeiro passo quando tivemos uma capacita\u00e7\u00e3o sobre dinamizar a escola b\u00edblica dominical em Bela Vista e mais outras capacita\u00e7\u00f5es est\u00e3o sendo tra\u00e7adas visando o fortalecimento denominacional no Grande Vale. Todos os nossos conv\u00eanios foram encerrados. Temos visto com alegria Deus operando na Associa\u00e7\u00e3o despertando para a evangeliza\u00e7\u00e3o para cumprirmos a miss\u00e3o. \u201cMas gra\u00e7as a Deus que nos d\u00e1 a vit\u00f3ria por nosso Senhor Jesus Cristo\u201d 1\u00ba Cor 15:57<br \/>\nQue o Todo-Poderoso continue nos aben\u00e7oando<br \/>\nPr. Miguel Arcangelo Coqueiro Filho<br \/>\nPresidente da Associa\u00e7\u00e3o das Igrejas Batistas do Vale do Pindar\u00e9.<\/p>\n<p><strong>ASSOCIA\u00c7\u00c3O DAS IGREJAS BATISTAS DO VALE DO PINDAR\u00c9<\/strong><br \/>\nPRESIDENTE: MIGUEL ARCANGELO COQUEIRO FILHO<br \/>\n1\u00ba VICE-PRESIDENTE: SEBASTI\u00c3O FREITAS<br \/>\n1\u00ba SECRETARIO-JOHNSTON MATIAS DA COSTA<br \/>\n2\u00ba SECRETARIO- MAURICIO MORAES CARVALHO<br \/>\nCOLABORADOR FINANCEIRO- Pr. MARCOS AURERIO SILVA SOARES<\/p>\n<p><strong>NOSSA MISS\u00c3O:<\/strong><br \/>\nCOOPERAR COM A DENOMINAS\u00c3O BATISTA TANTO NO \u00c2MBITO ESTADUAL BEM COMO NACIONAL E AS IGREJAS BATISTAS DO VALE DO PINDAR\u00c9 NA DILVULGA\u00c7\u00c3O E PREGA\u00c7\u00c3O DO EVANGELHO.<\/p>\n<p><strong>NOSSA VIS\u00c3O:<\/strong><br \/>\nSERMOS IGREJAS RELEVANTES FIEL A PALAVRA DE DEUS, OBSERVANDO OS PRINCIPIOS DA DECLARA\u00c7\u00c3O DOUTRINARIA BATISTA<\/p>\n<p><strong>NOSSOS VALORES:<\/strong><br \/>\nSenhorio de Cristo<br \/>\nValor do ser humano<br \/>\nDignidade e autonomia do ser humano<br \/>\nServi\u00e7o Crist\u00e3o<br \/>\nTranspar\u00eancia<br \/>\nVerdade<br \/>\nRespeito<br \/>\nLideran\u00e7a crist\u00e3<br \/>\nProatividade e esp\u00edrito empreendedor<br \/>\nAlegria<br \/>\nResponsabilidade<br \/>\nDemocracia<br \/>\nInova\u00e7\u00e3o e Criatividade<br \/>\nUnidade na diversidade<br \/>\nDi\u00e1logo<br \/>\nIntegridade<br \/>\nExerc\u00edcio da cidadania<br \/>\nCoopera\u00e7\u00e3o<\/p>\n<p><strong>RELAT\u00d3RIO DE ATIVIDADES DOS MESES DE MAR\u00c7O A DEZEMBRO DE 2022<\/strong><\/p>\n<p>Hoje 16 Igrejas 12 congrega\u00e7\u00f5es e 2 frente Mission\u00e1ria, 12 pastores, 01 evangelista,22 obreiros. 15 Seminaristas<\/p>\n<p><strong>M\u00caS DE MAIO<\/strong><br \/>\nAtividade em destaque:<br \/>\nDia 15\/ 05 2022- Ministrando a Palavra na Igreja Batista Betel em Mon\u00e7\u00e3o,<br \/>\nDia 29\/05\/2022- ministrando a Palavra na Igreja Batista em Vila Marconi<br \/>\nDia 30\/05\/2022- Reuni\u00e3o online com Diretoria da Associa\u00e7\u00e3o<br \/>\n<strong>M\u00caS DE JUNHO<\/strong><br \/>\nAtividade em destaque;<br \/>\n06\/06\/2022- Sala de Ora\u00e7\u00e3o todas as segundas feiras<br \/>\nVisita ao Pastor Nonato Pinho-Buriticupu<br \/>\nVisita ao Obreiro Amorim na Vila Isaias-Buriticupu<br \/>\nVisita ao Obreiro Ant\u00f4nio Neguinho- Altos dos Batista<br \/>\nVisita ao Pastor Sebasti\u00e3o Freitas- Bom Jesus das Selvas<br \/>\n<strong>M\u00caS DE JULHO<\/strong><br \/>\nAtividade em destaque:<br \/>\nReuni\u00e3o com a lideran\u00e7a da Igreja Batista Betel em Mon\u00e7\u00e3o<br \/>\n<strong>M\u00caS DE AGOSTO<\/strong><br \/>\nAtividade em destaque:<br \/>\nDia 12\/08\/2022-Confer\u00eancia Mission\u00e1ria na Igreja Batista Igarapeense<br \/>\nDia 20\/08\/-Participa\u00e7\u00e3o no Anivers\u00e1rio da Igreja batista em Buriticupu<br \/>\nDia 23-24\/08\/2022-Reuni\u00e3o do conselho da Conven\u00e7\u00e3o<br \/>\nDia 26\/08\/2022-participando do Aniversario da Congrega\u00e7\u00e3o Batista em Pimentel Arari<br \/>\nDia 27\/08\/2022- Participa\u00e7\u00e3o na Organiza\u00e7\u00e3o da Uni\u00e3o de Homens Batistas no vale do Pindar\u00e9<br \/>\nDia 28\/08\/2022-Ministrando a palavra na Igreja Batista Peniel em Mon\u00e7\u00e3o<br \/>\n<strong>M\u00caS DE SETEMBRO:<\/strong><br \/>\nAtividade em destaque:<br \/>\nDia 03\/09\/2023- posse do Obreiro Francisco Amorim em S\u00e3o Jo\u00e3o do Caru<br \/>\nDia 13\/09\/2023- Presen\u00e7a do Pastor Pedro de Miss\u00f5es Nacionais Na regi\u00e3o do Vale.<br \/>\n<strong>M\u00caS DE OUTUBRO;<\/strong><br \/>\nAtividade em Destaque:<br \/>\nDia 08\/10\/2022-Ministrando a Palavra no Encontro de \u00e1rea da JUBAVAP em Bom Jesus das Selvas.<br \/>\nDia 22\/10\/ 2023-Reuni\u00e3o com a Diretoria da Igreja Batista Em Newton Bello<br \/>\nDia 23\/10\/2023-Celebrando a Ceia Na igreja batista em Vitoria do Mearim<br \/>\n<strong>M\u00caS DE NOVEMBRO<\/strong><br \/>\nAtividade em destaque:<br \/>\nDia 06\/11\/2023- Visita ao Pastor Valter que estava deixando o minist\u00e9rio da Igreja batista em Newton Belo.<br \/>\nDia 07\/11\/2023- Reuni\u00e3o Na CBM com a comiss\u00e3o de Educa\u00e7\u00e3o Religiosa<br \/>\nDia 12-13\/112023- Assembleia da Associa\u00e7\u00e3o em Bom Jardim<br \/>\n<strong>M\u00caS DE DEZEMBRO<\/strong><br \/>\nAtividade Em Destaque:<br \/>\nDia 03\/12\/2023-Visita a Igreja Batista em Vitoria do Mearim<br \/>\nDia 17\/12\/2023- Visita a Alto Alegre do Pindar\u00e9<br \/>\nDia 20\/12\/2023-Visita ao Obreiro Francisco\u00a0Amorim.<\/p>\n","protected":false},"excerpt":{"rendered":"<p>ASSOCIA\u00c7\u00c3O DAS IGREJAS BATISTAS DO VALE DO PINDAR\u00c9 PALAVRA DO PRESIDENTE Disse-lhes: &#8220;A colheita \u00e9 grande, mas os trabalhadores s\u00e3o poucos. Portanto, pe\u00e7am ao Senhor da colheita que mande trabalhadores para a sua colheita. Lc10:2 O Vale do Pindar\u00e9 \u00e9 um grande desafio pelo vasto territ\u00f3rio que abrange a Associa\u00e7\u00e3o das Igrejas Batistas do Vale [&hellip;]<\/p>\n","protected":false},"author":2,"featured_media":0,"comment_status":"open","ping_status":"open","sticky":false,"template":"","format":"standard","meta":{"_themeisle_gutenberg_block_has_review":false,"footnotes":""},"categories":[36],"tags":[],"class_list":{"0":"post-480","1":"post","2":"type-post","3":"status-publish","4":"format-standard","6":"category-associacoes"},"_links":{"self":[{"href":"https:\/\/batista-ma.org.br\/index.php?rest_route=\/wp\/v2\/posts\/480"}],"collection":[{"href":"https:\/\/batista-ma.org.br\/index.php?rest_route=\/wp\/v2\/posts"}],"about":[{"href":"https:\/\/batista-ma.org.br\/index.php?rest_route=\/wp\/v2\/types\/post"}],"author":[{"embeddable":true,"href":"https:\/\/batista-ma.org.br\/index.php?rest_route=\/wp\/v2\/users\/2"}],"replies":[{"embeddable":true,"href":"https:\/\/batista-ma.org.br\/index.php?rest_route=%2Fwp%2Fv2%2Fcomments&post=480"}],"version-history":[{"count":7,"href":"https:\/\/batista-ma.org.br\/index.php?rest_route=\/wp\/v2\/posts\/480\/revisions"}],"predecessor-version":[{"id":3875,"href":"https:\/\/batista-ma.org.br\/index.php?rest_route=\/wp\/v2\/posts\/480\/revisions\/3875"}],"wp:attachment":[{"href":"https:\/\/batista-ma.org.br\/index.php?rest_route=%2Fwp%2Fv2%2Fmedia&parent=480"}],"wp:term":[{"taxonomy":"category","embeddable":true,"href":"https:\/\/batista-ma.org.br\/index.php?rest_route=%2Fwp%2Fv2%2Fcategories&post=480"},{"taxonomy":"post_tag","embeddable":true,"href":"https:\/\/batista-ma.org.br\/index.php?rest_route=%2Fwp%2Fv2%2Ftags&post=480"}],"curies":[{"name":"wp","href":"https:\/\/api.w.org\/{rel}","templated":true}]}}