{"id":477,"date":"2023-05-22T08:54:07","date_gmt":"2023-05-22T11:54:07","guid":{"rendered":"http:\/\/batista-ma.org.br\/?p=477"},"modified":"2023-05-22T08:55:02","modified_gmt":"2023-05-22T11:55:02","slug":"lencois-maranhenses","status":"publish","type":"post","link":"https:\/\/batista-ma.org.br\/?p=477","title":{"rendered":"ASSOCIA\u00c7\u00c3O BATISTA DOS LEN\u00c7\u00d3IS MARANHENSES"},"content":{"rendered":"<table>\n<tbody>\n<tr>\n<td width=\"642\"><strong>ASSOCIA\u00c7\u00c3O DE IGREJAS BATISTAS DOS LEN\u00c7\u00d3IS MARANHENSES<\/strong><\/p>\n<p><strong>A B A L E M \u2013 2 0 2 3<\/strong><\/p>\n<p><strong>DIRETORIA<\/strong><\/p>\n<p><strong>Presidente<\/strong>: Jo\u00e3o Manoel Rosa<\/p>\n<p><strong>Vice-Presidente<\/strong>: Ana D\u00e9bora Reis Freire<\/p>\n<p><strong>Secret\u00e1ria<\/strong>: Alessandra Rosa<\/td>\n<\/tr>\n<tr>\n<td width=\"642\">\n<strong>MISS\u00c3O<\/strong><\/p>\n<p>Promover, incentivar e viabilizar a coopera\u00e7\u00e3o entre as Igrejas Batistas dos Len\u00e7\u00f3is Maranhenses, visando a expans\u00e3o do evangelho.<\/p>\n<p><strong>VIS\u00c3O<\/strong><\/p>\n<p>Ser uma associa\u00e7\u00e3o atuante, onde todas as igrejas batistas dos Len\u00e7\u00f3is Maranhenses ampliem sua vis\u00e3o e desenvolva sua miss\u00e3o, a fim de que o nome de Jesus seja glorificado verdadeiramente.<\/p>\n<p><strong>Diretor Executivo<\/strong>: Ronaldo Mendon\u00e7a Santos<\/p>\n<p><strong>CONSELHO FISCAL<\/strong><\/p>\n<p><strong>Relator:<\/strong>\u00a0Paulo C\u00e9sar Silva dos Santos \u2013 IB Monte das Oliveiras.<br \/>\n<strong>Demais Integrantes:<\/strong><br \/>\n\u2013 Jos\u00e9 de Ribamar Neves Silva \u2013 IB dos Mares<br \/>\n\u2013 Natalina da Silva e Silva \u2013 PIB Humberto de Campos<br \/>\n<strong>Suplente:<\/strong>\u00a0Pr. Jos\u00e9 do Nascimento Alves dos Santos \u2013 CB\u00a0em\u00a0Cidade\u00a0Nova.<\/p>\n<p><strong>COORDENADORES DAS ORGANIZA\u00c7\u00d5ES MISSION\u00c1RIAS:<\/strong><\/p>\n<p><strong>\u00a0Homens &#8211; Uni\u00e3o Masculina de Homens Batistas dos Len\u00e7\u00f3is Maranhenses &#8211; UMHBALEM: <\/strong><br \/>\n&#8211; Coordenador: Ant\u00f4nio Jos\u00e9 Ramos Moura &#8211; IB dos Mares \u2013 (98) 970066152;<br \/>\n\u2013 Vice: Wilson Nassar, IB Memorial de Jesus Cristo \u2013 (98) 984901755;<br \/>\n\u2013 Secret\u00e1rio: Ezequias Malheiros, IB dos Mares \u2013 (98) 985019026.<\/p>\n<p><strong>\u00a0Mulheres \u2013 Uni\u00e3o Feminina Mission\u00e1ria Batista dos Len\u00e7\u00f3is Maranhenses \u2013 UFMBALEM<\/strong><br \/>\n\u2013 Coordenadora: C\u00e9lia Malheiros, IB dos Mares \u2013 (98) 985019026<br \/>\n\u2013 Vice: Maria Esmeralda Santos Sousa dos Santos, CB em Cidade Nova;<br \/>\n\u2013 Secret\u00e1ria: Alessandra de Souza Rosa Santos, PIB em Humberto de Campos.<\/p>\n<p><strong>\u00a0Jovens \u2013 Juventude Batista dos Len\u00e7\u00f3is Maranhenses \u2013 JUBALEM<\/strong><br \/>\n\u2013 Coordenadora: Elizeth S\u00e1 Menezes, IB Monte das Oliveiras \u2013 (98) 991867555<br \/>\n\u2013 Vice: Iackel da Silva dos Santos, PIB em Humberto de Campos \u2013 (98) 984323925;<br \/>\n\u2013 Secret\u00e1ria: Taylane Santana Santos, PIB em Humberto de Campos\u00a0(98)\u00a0984374987.<\/td>\n<\/tr>\n<\/tbody>\n<\/table>\n<p><strong>\u00a0<\/strong><\/p>\n<p><strong>\u00a0<\/strong><\/p>\n","protected":false},"excerpt":{"rendered":"<p>ASSOCIA\u00c7\u00c3O DE IGREJAS BATISTAS DOS LEN\u00c7\u00d3IS MARANHENSES A B A L E M \u2013 2 0 2 3 DIRETORIA Presidente: Jo\u00e3o Manoel Rosa Vice-Presidente: Ana D\u00e9bora Reis Freire Secret\u00e1ria: Alessandra Rosa MISS\u00c3O Promover, incentivar e viabilizar a coopera\u00e7\u00e3o entre as Igrejas Batistas dos Len\u00e7\u00f3is Maranhenses, visando a expans\u00e3o do evangelho. VIS\u00c3O Ser uma associa\u00e7\u00e3o atuante, [&hellip;]<\/p>\n","protected":false},"author":2,"featured_media":0,"comment_status":"open","ping_status":"open","sticky":false,"template":"","format":"standard","meta":{"_themeisle_gutenberg_block_has_review":false,"footnotes":""},"categories":[36],"tags":[],"class_list":{"0":"post-477","1":"post","2":"type-post","3":"status-publish","4":"format-standard","6":"category-associacoes"},"_links":{"self":[{"href":"https:\/\/batista-ma.org.br\/index.php?rest_route=\/wp\/v2\/posts\/477"}],"collection":[{"href":"https:\/\/batista-ma.org.br\/index.php?rest_route=\/wp\/v2\/posts"}],"about":[{"href":"https:\/\/batista-ma.org.br\/index.php?rest_route=\/wp\/v2\/types\/post"}],"author":[{"embeddable":true,"href":"https:\/\/batista-ma.org.br\/index.php?rest_route=\/wp\/v2\/users\/2"}],"replies":[{"embeddable":true,"href":"https:\/\/batista-ma.org.br\/index.php?rest_route=%2Fwp%2Fv2%2Fcomments&post=477"}],"version-history":[{"count":7,"href":"https:\/\/batista-ma.org.br\/index.php?rest_route=\/wp\/v2\/posts\/477\/revisions"}],"predecessor-version":[{"id":3862,"href":"https:\/\/batista-ma.org.br\/index.php?rest_route=\/wp\/v2\/posts\/477\/revisions\/3862"}],"wp:attachment":[{"href":"https:\/\/batista-ma.org.br\/index.php?rest_route=%2Fwp%2Fv2%2Fmedia&parent=477"}],"wp:term":[{"taxonomy":"category","embeddable":true,"href":"https:\/\/batista-ma.org.br\/index.php?rest_route=%2Fwp%2Fv2%2Fcategories&post=477"},{"taxonomy":"post_tag","embeddable":true,"href":"https:\/\/batista-ma.org.br\/index.php?rest_route=%2Fwp%2Fv2%2Ftags&post=477"}],"curies":[{"name":"wp","href":"https:\/\/api.w.org\/{rel}","templated":true}]}}