{"id":474,"date":"2023-05-24T08:24:31","date_gmt":"2023-05-24T11:24:31","guid":{"rendered":"http:\/\/batista-ma.org.br\/?p=474"},"modified":"2023-05-24T08:24:32","modified_gmt":"2023-05-24T11:24:32","slug":"metropolitana","status":"publish","type":"post","link":"https:\/\/batista-ma.org.br\/?p=474","title":{"rendered":"ASSOCIA\u00c7\u00c3O BATISTA METROPOLITANA"},"content":{"rendered":"<p><img loading=\"lazy\" decoding=\"async\" class=\"alignnone size-full wp-image-3864\" src=\"https:\/\/batista-ma.org.br\/wp-content\/uploads\/2018\/03\/fernando-min.jpg\" alt=\"\" width=\"257\" height=\"241\"><\/p>\n<p>Pastor Fernando C\u00e9sar<br \/>\nPresidente da ABM<\/p>\n<p><strong>Palavra do Presidente<\/strong><\/p>\n<p>Amadas Igrejas,<br \/>\nIniciou-se mais um ano de trabalho, e logo afirmamos que, \u201cCom efeito, grandes coisas fez o Senhor por n\u00f3s; por isso estamos alegres\u201d (Sl 126:3).<br \/>\nSentimo-nos de modo excelentes agradecidos a Deus por este trabalho realizado em nossas Igrejas.<br \/>\nNo intuito de realizar as atividades como parte da obra de Deus foi que me empenhei em fazer tudo com alegria, zelo e dedica\u00e7\u00e3o.<br \/>\nAgradecendo e louvando a Deus por toda a Diretoria, pelos Pastores e Lideran\u00e7as que, acima de tudo, com temor e obedi\u00eancia ao Senhor, dedicaram-se na em sua obra, fazendo parte da hist\u00f3ria desta Associa\u00e7\u00e3o.<br \/>\nA nossa ora\u00e7\u00e3o \u00e9 para que Deus desperte mais obreiros para estarmos trabalhando, e que Deus nos d\u00ea for\u00e7a, sabedoria, capacidade e coragem para anunciar as boas novas.<br \/>\nQue o Senhor derrame b\u00ean\u00e7\u00e3os sem medida sobre cada Igreja, para juntos em um s\u00f3 prop\u00f3sito possamos crescer em sabedoria e gra\u00e7a no Seu trabalho.<br \/>\nQue Deus aben\u00e7oe cada irm\u00e3o, a diretoria, as secretarias e nossos queridos amigos.<br \/>\nAcredito que podemos sonhar com uma a\u00e7\u00e3o conjunta em que podemos estar \u201cTrabalhando na Coopera\u00e7\u00e3o M\u00fatua para a expans\u00e3o do Reino de Deus\u201d, com base b\u00edblica de Salmo 101.6a: \u201cOs meus olhos procuraram os fi\u00e9is da terra para que estejam comigo.\u201d<\/p>\n<p><img loading=\"lazy\" decoding=\"async\" class=\"size-full wp-image-3863 alignnone\" src=\"https:\/\/batista-ma.org.br\/wp-content\/uploads\/2018\/03\/jebson-min.png\" alt=\"\" width=\"258\" height=\"244\"><\/p>\n<p>Pastor Jebson Azevedo<br \/>\nDiretor Executivo da ABM<\/p>\n<p><strong>Palavra do Diretor Executivo<\/strong><\/p>\n<p>Caros irm\u00e3os e irm\u00e3s em Cristo,<\/p>\n<p>\u00c9 com grande alegria e gratid\u00e3o que me dirijo a todos voc\u00eas hoje nesta 19\u00aa Assembleia da Associa\u00e7\u00e3o Batista Metropolitana. Neste encontro, estamos unidos pelo tema inspirador &#8220;Cooperando para Proclama\u00e7\u00e3o da Verdade&#8221;, baseado no poderoso vers\u00edculo de Filipenses 1:5.<\/p>\n<p>Ao refletirmos sobre esse vers\u00edculo, somos lembrados da maravilhosa parceria que temos uns com os outros na obra do Senhor. Paulo, ao escrever aos filipenses, expressou sua gratid\u00e3o por sua comunh\u00e3o no evangelho desde o primeiro dia at\u00e9 agora. Essa comunh\u00e3o n\u00e3o se limitou apenas a palavras ou a\u00e7\u00f5es, mas foi profundamente enraizada no prop\u00f3sito comum de proclamar a verdade de Deus.<\/p>\n<p>Hoje, como membros desta associa\u00e7\u00e3o, somos chamados a viver essa mesma comunh\u00e3o. Cooperar para a proclama\u00e7\u00e3o da verdade significa unir nossos cora\u00e7\u00f5es, nossos recursos e nossos dons em prol do Reino de Deus. Somos lembrados de que somos um corpo, com membros \u00fanicos, mas todos interdependentes.<\/p>\n<p>Ao trabalharmos juntos, podemos alcan\u00e7ar grandes feitos para o avan\u00e7o do Evangelho. Precisamos cooperar em nossas igrejas locais, em nossas institui\u00e7\u00f5es educacionais, em nossas miss\u00f5es, em nossas a\u00e7\u00f5es de justi\u00e7a social e em todas as \u00e1reas em que o testemunho crist\u00e3o pode ser evidenciado. Juntos, podemos ser uma voz poderosa em meio a um mundo que precisa desesperadamente da verdade libertadora de Jesus Cristo.<\/p>\n<p>Ao olharmos para o futuro, desafio cada um de voc\u00eas a se envolver ativamente nesta coopera\u00e7\u00e3o para proclama\u00e7\u00e3o da verdade. Isso requer humildade, amor sacrificial e um compromisso inabal\u00e1vel com a Palavra de Deus. Que nossas a\u00e7\u00f5es e palavras sejam impregnadas pela verdade, para que aqueles que nos veem sejam atra\u00eddos \u00e0 luz de Cristo que brilha em n\u00f3s.<\/p>\n<p>Quero encoraj\u00e1-los a aproveitar esta assembleia para fortalecer la\u00e7os, compartilhar ideias e planejar estrat\u00e9gias que nos permitam cooperar de maneira ainda mais eficaz. Que sejamos um exemplo de unidade e amor crist\u00e3o, capacitados pelo Esp\u00edrito Santo para a obra que nos foi confiada.<\/p>\n<p>Neste momento de adora\u00e7\u00e3o, ensino e comunh\u00e3o, confiemos em Deus e em Sua fidelidade, sabendo que Ele \u00e9 Aquele que nos capacita e nos direciona. Que a proclama\u00e7\u00e3o da verdade seja o nosso clamor un\u00e2nime e que possamos testemunhar um mover do Esp\u00edrito Santo em nosso meio.<\/p>\n<p>Que Deus nos aben\u00e7oe abundantemente e que esta Assembleia seja um marco em nossa jornada de coopera\u00e7\u00e3o para a proclama\u00e7\u00e3o da verdade.<\/p>\n<p>Em Cristo,<\/p>\n<p>Pr. Jebson Azevedo<br \/>\nDiretor Executivo<br \/>\nAssocia\u00e7\u00e3o Batista&nbsp;Metropolitana<\/p>\n<p><img loading=\"lazy\" decoding=\"async\" class=\"size-medium wp-image-2223 aligncenter\" src=\"https:\/\/batista-ma.org.br\/wp-content\/uploads\/2018\/03\/GR\u00c1FICO-SIM-2019-300x182.jpg\" alt=\"\" width=\"300\" height=\"182\"><\/p>\n","protected":false},"excerpt":{"rendered":"<p>Pastor Fernando C\u00e9sar Presidente da ABM Palavra do Presidente Amadas Igrejas, Iniciou-se mais um ano de trabalho, e logo afirmamos que, \u201cCom efeito, grandes coisas fez o Senhor por n\u00f3s; por isso estamos alegres\u201d (Sl 126:3). Sentimo-nos de modo excelentes agradecidos a Deus por este trabalho realizado em nossas Igrejas. No intuito de realizar as [&hellip;]<\/p>\n","protected":false},"author":2,"featured_media":0,"comment_status":"open","ping_status":"open","sticky":false,"template":"","format":"standard","meta":{"_themeisle_gutenberg_block_has_review":false,"footnotes":""},"categories":[36],"tags":[],"class_list":{"0":"post-474","1":"post","2":"type-post","3":"status-publish","4":"format-standard","6":"category-associacoes"},"_links":{"self":[{"href":"https:\/\/batista-ma.org.br\/index.php?rest_route=\/wp\/v2\/posts\/474"}],"collection":[{"href":"https:\/\/batista-ma.org.br\/index.php?rest_route=\/wp\/v2\/posts"}],"about":[{"href":"https:\/\/batista-ma.org.br\/index.php?rest_route=\/wp\/v2\/types\/post"}],"author":[{"embeddable":true,"href":"https:\/\/batista-ma.org.br\/index.php?rest_route=\/wp\/v2\/users\/2"}],"replies":[{"embeddable":true,"href":"https:\/\/batista-ma.org.br\/index.php?rest_route=%2Fwp%2Fv2%2Fcomments&post=474"}],"version-history":[{"count":34,"href":"https:\/\/batista-ma.org.br\/index.php?rest_route=\/wp\/v2\/posts\/474\/revisions"}],"predecessor-version":[{"id":3869,"href":"https:\/\/batista-ma.org.br\/index.php?rest_route=\/wp\/v2\/posts\/474\/revisions\/3869"}],"wp:attachment":[{"href":"https:\/\/batista-ma.org.br\/index.php?rest_route=%2Fwp%2Fv2%2Fmedia&parent=474"}],"wp:term":[{"taxonomy":"category","embeddable":true,"href":"https:\/\/batista-ma.org.br\/index.php?rest_route=%2Fwp%2Fv2%2Fcategories&post=474"},{"taxonomy":"post_tag","embeddable":true,"href":"https:\/\/batista-ma.org.br\/index.php?rest_route=%2Fwp%2Fv2%2Ftags&post=474"}],"curies":[{"name":"wp","href":"https:\/\/api.w.org\/{rel}","templated":true}]}}