{"id":463,"date":"2018-03-07T15:42:22","date_gmt":"2018-03-07T18:42:22","guid":{"rendered":"http:\/\/batista-ma.org.br\/?p=463"},"modified":"2020-03-09T19:21:03","modified_gmt":"2020-03-09T22:21:03","slug":"alto-do-turi","status":"publish","type":"post","link":"https:\/\/batista-ma.org.br\/?p=463","title":{"rendered":"ASSOCIA\u00c7\u00c3O DAS IGREJAS BATISTA DO ALTO TURI"},"content":{"rendered":"<div class=\"td-paragraph-padding-0\">A Regi\u00e3o de Planejamento do Alto Turi \u00e9 uma das 32 Regi\u00f5es de Planejamento do Estado do Maranh\u00e3o. Localiza-se na regi\u00e3o noroeste do Estado e \u00e9 banhado pelas \u00e1guas do Rio Turia\u00e7u, sendo este o seu maior e principal rio. Z\u00e9 Doca \u00e9 a maior cidade e o munic\u00edpio-sede da Regi\u00e3o.<\/div>\n<div class=\"td-paragraph-padding-0\"><figure id=\"attachment_1805\" aria-describedby=\"caption-attachment-1805\" style=\"width: 390px\" class=\"wp-caption aligncenter\"><a href=\"https:\/\/batista-ma.org.br\/wp-content\/uploads\/2018\/03\/FOTO-TURI.jpg\"><img loading=\"lazy\" decoding=\"async\" class=\"wp-image-1805 size-full\" src=\"https:\/\/batista-ma.org.br\/wp-content\/uploads\/2018\/03\/FOTO-TURI.jpg\" alt=\"\" width=\"390\" height=\"243\" srcset=\"https:\/\/batista-ma.org.br\/wp-content\/uploads\/2018\/03\/FOTO-TURI.jpg 390w, https:\/\/batista-ma.org.br\/wp-content\/uploads\/2018\/03\/FOTO-TURI-300x187.jpg 300w\" sizes=\"(max-width: 390px) 100vw, 390px\" \/><\/a><figcaption id=\"caption-attachment-1805\" class=\"wp-caption-text\">RIO TURIA\u00c7U<\/figcaption><\/figure><figure id=\"attachment_2384\" aria-describedby=\"caption-attachment-2384\" style=\"width: 136px\" class=\"wp-caption alignleft\"><img loading=\"lazy\" decoding=\"async\" class=\"wp-image-2384 size-full\" src=\"https:\/\/batista-ma.org.br\/wp-content\/uploads\/2018\/03\/Pastor-fernandes-TURY.jpg\" alt=\"\" width=\"136\" height=\"150\" \/><figcaption id=\"caption-attachment-2384\" class=\"wp-caption-text\">Pr.Jos\u00e9\u00a0 Fernandes Almeida<\/figcaption><\/figure><\/div>\n<p>Ent\u00e3o disse o Senhor a Mois\u00e9s, dize aos filhos de Israel que marchem. Ex, 14:15<\/p>\n<p><strong>Avan\u00e7ar \u00e9 enfrentar cada desafio com coragem e f\u00e9<\/strong>\u00a0e que\u00a0<strong>a vit\u00f3ria j\u00e1 foi garantida por Jesus na cruz<\/strong>! Ter coragem, apesar da imensid\u00e3o do desafio pessoal a ser vencido. Buscarmos coragem em Deus. Ele n\u00e3o manda recuar, mas marchar. Ele n\u00e3o manda olhar para tr\u00e1s, mas para frente. Quando Deus promove mudan\u00e7as, \u00e9 porque Ele acredita que n\u00f3s temos potencial para fazer melhor! Ele quer nos moldar em outras \u00e1reas, quer nos fazer avan\u00e7ar no Reino. Na regi\u00e3o da AIBAT agir com prop\u00f3sito na coopera\u00e7\u00e3o e no fortalecimento a unidade fluir no desenvolvimento da miss\u00e3o de anunciar o reino de Deus nas cidades, Vilas, povoados e assentamentos. Frutificar no proceder da vit\u00f3ria em Deus. Como isto agrade\u00e7o a Deus e a minha fam\u00edlia: esposa Marina Almeida e filho: G\u00eanesis Fernandes, e a minha igreja IBAPPAAZ e os irm\u00e3os Fabiana Freitas, Edenilson Silva por serem meus parceiros de apoio no trabalho da AIBAT.<\/p>\n<p>&#8220;\u00c9 Ele quem muda o tempo e as esta\u00e7\u00f5es&#8230;&#8221; Daniel 2.21<\/p>\n<p style=\"text-align: left;\">Pr. Jos\u00e9 Fernandes Almeida<\/p>\n<p style=\"text-align: left;\">Presidente de AIBAT<\/p>\n<h4><strong>DIRETORIA ADMINISTRATIVA<\/strong><\/h4>\n<p>Presidente: Pr. Jos\u00e9 Fernandes Almeida 1\u00ba Vice-Presidente: Miss: Robson Alan Oliveira Aranha 2\u00ba Vice-Presidente: Pr. Sandrival Felix Camelo 1\u00aa Secret\u00e1rio: Maria Concei\u00e7\u00e3o Nunes 2\u00ba\u00a0\u00a0 Secret\u00e1rio: Francisco Gon\u00e7alves Secret\u00e1rio Executivo Pr. Jos\u00e9 Fernandes Almeida UMHBAT- Presidente Adaiton Moraes Silva UMFBAT- Presidente Sandra Rejane Cruz Aires JUBAT- Presidente Edenilson da Silva Moura dos Santos \u00a0<\/p>\n<h4><strong>IGREJAS ASSOCIADAS<\/strong><\/h4>\n<p><strong>01.IB Pr\u00edncipe da Paz<\/strong> Av. Roseana Sarney, s\/n\u00ba &#8211; B.V. Gurup\u00ed Organizada em: 23\/07\/2003 Pr.\u00a0 Jos\u00e9 Fernandes Almeida e Marina Ferreira da Silva Almeida &#8211;\u00a0 Fone: [98] 981560515 \u00a0 <strong>02.PIB em Carutapera<\/strong><\/p>\n<ol>\n<li>Romualdo Loureiro, 63 \u2013 Perp\u00e9tuo Socorro<\/li>\n<\/ol>\n<p>Organizada em: 14\/04\/1994 Pr. Reginaldo Nunes da Costa e Maria da Concei\u00e7\u00e3o R. Nunes \u2013 Fone: [98]\u00a0 984663497 \u00a0 <strong>03.PIB em G. N. Freire<\/strong><\/p>\n<ol>\n<li>do Com\u00e9rcio, as Margens da BR 316, sem n\u00ba.<\/li>\n<\/ol>\n<p>Organizada em: 29\/11\/1997 Pr. Osvando Silva Martins e Alcilene Martins \u00a0 <strong>04.IB Vida Plena<\/strong> Av. Teodorico Campo Andrade, 700. Centro \u2013 G.Viana Organizada em: 12\/10\/2011 Miss. Elias Ribeiro Amorim Fone: [98] 981389199 \u00a0 <strong>05.PIB em S. Luzia do Paru\u00e1<\/strong> Av. 08 de julho, s\/n\u00ba &#8211; Centro Organizada em: 08\/02\/2014 Miss. Maria de Jesus de Oliveira Pinto Fone: [98] 988975042 \u00a0 <strong>06.IB Mission\u00e1ria<\/strong> Av. Major Silva Filho \u2013 Centro \/Araguan\u00e3 Organizada em: 01\/05\/2018 Miss. Jo\u00e3o Nunes Quim Filho e Ester Medeiros Viegas Quim Fone: [98] 984522415 \u00a0<\/p>\n<h4><strong>CONGREGA\u00c7\u00d5ES<\/strong><\/h4>\n<p><strong>01.CB. em Nova Olinda<\/strong> \u2013 R. Farias Loura, 140 \u2013 Sales Miss: Robson Alan Oliveira Aranha e Eliana Santos Silva Aranha Fone: [98] 987292997 \u00a0 <strong>02.C.B. em Pdte. M\u00e9dici<\/strong> \u2013 R. Do Com\u00e9rcio, 707 &#8211; Centro Miss. Ronivaldo Macedo e Andreina de Ara\u00fajo Macedo Fone: [98] 988878507 \u00a0 <strong>03.C.B. em Maranh\u00e3ozinho<\/strong> \u2013 R. Edson Lob\u00e3o, s\/n\u00ba, BR 316 Pr.Carlos Henrique Silva Cunha e Ana Gomes de Oliveira Cunha Fone: [98] 9996148515 \u00a0 <strong>04.CB Pioneira<\/strong> \u2013 Maraca\u00e7um\u00e9 Pr. Sandrival Felix Camelo e Maria Deusimar Lima Camelo \u2013 R. Magalh\u00e3es de Almeida, 131 &#8211; Fone: [98] 984390522 \u00a0 <strong>05.C.B. em Centro Novo<\/strong> \u2013 R. Batista, s\/n\u00ba, Centro Pr. S\u00e1tiro Flor\u00eancio dos Santos e Maria da Concei\u00e7\u00e3o Machado dos Santos Fone: [98] 985158155 \u00a0 <strong>06.CB. em Junco do Maranh\u00e3o<\/strong> \u2013 R.\u00a0 J. Rodrigues \u2013 99 &#8211;\u00a0 Bairro: Centro Pr: Josu\u00e9 Santos Aires e Sandra Rejane Cruz Aires &#8211; R. 1\u00ba de maio, 156. Centro de Junco do MA. Fone: [98] 984461434 \u00a0 <strong>07.CB. em Amap\u00e1 do Maranh\u00e3<\/strong>o \u2013 R. Benjamin Constant s\/n\u00ba Miss. Ediney Carneiro Silva Fone: [98] 982220471 \u00a0 <strong>08.CB. em Santa Rita<\/strong> \u2013 R. S\u00e3o Raimundo, Bairro S. Rita &#8211; Carutapera : Francisco da Cruz Baldez e L\u00edgia Cezaltina Mendes Baldez Fone: [98] 984068697 \u00a0 <strong>09.CB. em Candido Mendes<\/strong> \u2013 R. Prof. Caxias, 175 Piracamb\u00fa Miss: Roberto\u00a0Carvalho de Oliveira esp.: M\u00e1rcia Regina Rabelo de Oliveira Fone: [98] 98481778 \u00a0<\/p>\n","protected":false},"excerpt":{"rendered":"<p>A Regi\u00e3o de Planejamento do Alto Turi \u00e9 uma das 32 Regi\u00f5es de Planejamento do Estado do Maranh\u00e3o. Localiza-se na regi\u00e3o noroeste do Estado e \u00e9 banhado pelas \u00e1guas do Rio Turia\u00e7u, sendo este o seu maior e principal rio. Z\u00e9 Doca \u00e9 a maior cidade e o munic\u00edpio-sede da Regi\u00e3o. Ent\u00e3o disse o Senhor [&hellip;]<\/p>\n","protected":false},"author":2,"featured_media":0,"comment_status":"open","ping_status":"open","sticky":false,"template":"","format":"standard","meta":{"_themeisle_gutenberg_block_has_review":false,"footnotes":""},"categories":[36],"tags":[],"class_list":{"0":"post-463","1":"post","2":"type-post","3":"status-publish","4":"format-standard","6":"category-associacoes"},"_links":{"self":[{"href":"https:\/\/batista-ma.org.br\/index.php?rest_route=\/wp\/v2\/posts\/463"}],"collection":[{"href":"https:\/\/batista-ma.org.br\/index.php?rest_route=\/wp\/v2\/posts"}],"about":[{"href":"https:\/\/batista-ma.org.br\/index.php?rest_route=\/wp\/v2\/types\/post"}],"author":[{"embeddable":true,"href":"https:\/\/batista-ma.org.br\/index.php?rest_route=\/wp\/v2\/users\/2"}],"replies":[{"embeddable":true,"href":"https:\/\/batista-ma.org.br\/index.php?rest_route=%2Fwp%2Fv2%2Fcomments&post=463"}],"version-history":[{"count":17,"href":"https:\/\/batista-ma.org.br\/index.php?rest_route=\/wp\/v2\/posts\/463\/revisions"}],"predecessor-version":[{"id":2814,"href":"https:\/\/batista-ma.org.br\/index.php?rest_route=\/wp\/v2\/posts\/463\/revisions\/2814"}],"wp:attachment":[{"href":"https:\/\/batista-ma.org.br\/index.php?rest_route=%2Fwp%2Fv2%2Fmedia&parent=463"}],"wp:term":[{"taxonomy":"category","embeddable":true,"href":"https:\/\/batista-ma.org.br\/index.php?rest_route=%2Fwp%2Fv2%2Fcategories&post=463"},{"taxonomy":"post_tag","embeddable":true,"href":"https:\/\/batista-ma.org.br\/index.php?rest_route=%2Fwp%2Fv2%2Ftags&post=463"}],"curies":[{"name":"wp","href":"https:\/\/api.w.org\/{rel}","templated":true}]}}