{"id":447,"date":"2018-03-07T10:23:05","date_gmt":"2018-03-07T13:23:05","guid":{"rendered":"http:\/\/batista-ma.org.br\/?p=447"},"modified":"2018-07-11T18:18:31","modified_gmt":"2018-07-11T21:18:31","slug":"colegio-batista","status":"publish","type":"post","link":"https:\/\/batista-ma.org.br\/?p=447","title":{"rendered":"Col\u00e9gio Batista"},"content":{"rendered":"<p><img loading=\"lazy\" decoding=\"async\" class=\"size-full wp-image-618 alignright\" src=\"https:\/\/batista-ma.org.br\/wp-content\/uploads\/2018\/03\/colegio-batista.jpg\" alt=\"\" width=\"290\" height=\"200\" \/>O Col\u00e9gio Batista:<\/p>\n<p>\u00c9 uma institui\u00e7\u00e3o religiosa por natureza e sem fins lucrativos &#8211; promove a divulga\u00e7\u00e3o da f\u00e9 crist\u00e3, seguindo os ensinamentos neotestament\u00e1rios, conforme a doutrina do nosso Senhor Jesus Cristo. Visa \u00e0 forma\u00e7\u00e3o integral do aluno, preocupando-se em oferecer, al\u00e9m de um ensino de qualidade com profissionais especializados, um ambiente seguro e agrad\u00e1vel. Presta servi\u00e7os<br \/>\nde natureza educacional, confessional, cultural e cient\u00edfica \u00e0 sociedade maranhense, pautada numa proposta s\u00f3cio interacionista e construtivista, destinada \u00e0 Educa\u00e7\u00e3o Infantil, ao Ensino Fundamental e ao M\u00e9dio, exercendo seu papel de formadora da cidadania, por meio de metodologias educacionais modernas e de teorias mais atualizadas.<\/p>\n<p>Col\u00e9gio Batista Daniel de La Touche<br \/>\nEndere\u00e7o: Av. Jo\u00e3o Pessoa, 214b &#8211; CEP 65.040-000 S\u00e3o Lu\u00eds-MA<br \/>\nFone: (98) 3131-1411<\/p>\n<p>E-mail: diretoriabatista@gmail.com<br \/>\nFunda\u00e7\u00e3o: Dia 11 de fevereiro de 1957<\/p>\n<p>Fundadores:<br \/>\nMission\u00e1rios James Daniel e J\u00falia Luper<\/p>\n<p><span style=\"color: #ff6600;\">PARA MAIORES INFORMA\u00c7\u00d5ES SOBRE O COL\u00c9GIO BATISTA ACESSE A PAGINA ABAIXO:<\/span><\/p>\n<p><a href=\"https:\/\/www.facebook.com\/ColegioBatistaDLT\/?rf=269457793156063\">https:\/\/www.facebook.com\/ColegioBatistaDLT<\/a><\/p>\n","protected":false},"excerpt":{"rendered":"<p>O Col\u00e9gio Batista: \u00c9 uma institui\u00e7\u00e3o religiosa por natureza e sem fins lucrativos &#8211; promove a divulga\u00e7\u00e3o da f\u00e9 crist\u00e3, seguindo os ensinamentos neotestament\u00e1rios, conforme a doutrina do nosso Senhor Jesus Cristo. Visa \u00e0 forma\u00e7\u00e3o integral do aluno, preocupando-se em oferecer, al\u00e9m de um ensino de qualidade com profissionais especializados, um ambiente seguro e agrad\u00e1vel. [&hellip;]<\/p>\n","protected":false},"author":2,"featured_media":0,"comment_status":"open","ping_status":"open","sticky":false,"template":"","format":"standard","meta":{"_themeisle_gutenberg_block_has_review":false,"footnotes":""},"categories":[6],"tags":[],"class_list":{"0":"post-447","1":"post","2":"type-post","3":"status-publish","4":"format-standard","6":"category-organizacoes"},"_links":{"self":[{"href":"https:\/\/batista-ma.org.br\/index.php?rest_route=\/wp\/v2\/posts\/447"}],"collection":[{"href":"https:\/\/batista-ma.org.br\/index.php?rest_route=\/wp\/v2\/posts"}],"about":[{"href":"https:\/\/batista-ma.org.br\/index.php?rest_route=\/wp\/v2\/types\/post"}],"author":[{"embeddable":true,"href":"https:\/\/batista-ma.org.br\/index.php?rest_route=\/wp\/v2\/users\/2"}],"replies":[{"embeddable":true,"href":"https:\/\/batista-ma.org.br\/index.php?rest_route=%2Fwp%2Fv2%2Fcomments&post=447"}],"version-history":[{"count":9,"href":"https:\/\/batista-ma.org.br\/index.php?rest_route=\/wp\/v2\/posts\/447\/revisions"}],"predecessor-version":[{"id":923,"href":"https:\/\/batista-ma.org.br\/index.php?rest_route=\/wp\/v2\/posts\/447\/revisions\/923"}],"wp:attachment":[{"href":"https:\/\/batista-ma.org.br\/index.php?rest_route=%2Fwp%2Fv2%2Fmedia&parent=447"}],"wp:term":[{"taxonomy":"category","embeddable":true,"href":"https:\/\/batista-ma.org.br\/index.php?rest_route=%2Fwp%2Fv2%2Fcategories&post=447"},{"taxonomy":"post_tag","embeddable":true,"href":"https:\/\/batista-ma.org.br\/index.php?rest_route=%2Fwp%2Fv2%2Ftags&post=447"}],"curies":[{"name":"wp","href":"https:\/\/api.w.org\/{rel}","templated":true}]}}