{"id":4002,"date":"2023-12-22T14:51:07","date_gmt":"2023-12-22T17:51:07","guid":{"rendered":"https:\/\/batista-ma.org.br\/?p=4002"},"modified":"2023-12-22T14:51:08","modified_gmt":"2023-12-22T17:51:08","slug":"recesso-administrativo","status":"publish","type":"post","link":"https:\/\/batista-ma.org.br\/?p=4002","title":{"rendered":"RECESSO ADMINISTRATIVO"},"content":{"rendered":"\n<p>Informamos que, em raz\u00e3o das celebra\u00e7\u00f5es de Natal e Ano Novo, a Conven\u00e7\u00e3o Batista Maranhense entrar\u00e1 em recesso administrativo a partir do dia (23\/12\/23) at\u00e9 o dia (01\/01\/24), per\u00edodo em que n\u00e3o haver\u00e1 atendimento ao p\u00fablico.<br>Agradecemos pela compreens\u00e3o. Desejamos um feliz Natal e um pr\u00f3spero Ano Novo a todos!<br>A Dire\u00e7\u00e3o.<\/p>\n","protected":false},"excerpt":{"rendered":"<p>Informamos que, em raz\u00e3o das celebra\u00e7\u00f5es de Natal e Ano Novo, a Conven\u00e7\u00e3o Batista Maranhense entrar\u00e1 em recesso administrativo a partir do dia (23\/12\/23) at\u00e9 o dia (01\/01\/24), per\u00edodo em que n\u00e3o haver\u00e1 atendimento ao p\u00fablico.Agradecemos pela compreens\u00e3o. Desejamos um feliz Natal e um pr\u00f3spero Ano Novo a todos!A Dire\u00e7\u00e3o.<\/p>\n","protected":false},"author":4,"featured_media":4003,"comment_status":"open","ping_status":"open","sticky":false,"template":"","format":"standard","meta":{"_themeisle_gutenberg_block_has_review":false,"footnotes":""},"categories":[8],"tags":[],"class_list":{"0":"post-4002","1":"post","2":"type-post","3":"status-publish","4":"format-standard","5":"has-post-thumbnail","7":"category-noticias"},"_links":{"self":[{"href":"https:\/\/batista-ma.org.br\/index.php?rest_route=\/wp\/v2\/posts\/4002"}],"collection":[{"href":"https:\/\/batista-ma.org.br\/index.php?rest_route=\/wp\/v2\/posts"}],"about":[{"href":"https:\/\/batista-ma.org.br\/index.php?rest_route=\/wp\/v2\/types\/post"}],"author":[{"embeddable":true,"href":"https:\/\/batista-ma.org.br\/index.php?rest_route=\/wp\/v2\/users\/4"}],"replies":[{"embeddable":true,"href":"https:\/\/batista-ma.org.br\/index.php?rest_route=%2Fwp%2Fv2%2Fcomments&post=4002"}],"version-history":[{"count":1,"href":"https:\/\/batista-ma.org.br\/index.php?rest_route=\/wp\/v2\/posts\/4002\/revisions"}],"predecessor-version":[{"id":4004,"href":"https:\/\/batista-ma.org.br\/index.php?rest_route=\/wp\/v2\/posts\/4002\/revisions\/4004"}],"wp:featuredmedia":[{"embeddable":true,"href":"https:\/\/batista-ma.org.br\/index.php?rest_route=\/wp\/v2\/media\/4003"}],"wp:attachment":[{"href":"https:\/\/batista-ma.org.br\/index.php?rest_route=%2Fwp%2Fv2%2Fmedia&parent=4002"}],"wp:term":[{"taxonomy":"category","embeddable":true,"href":"https:\/\/batista-ma.org.br\/index.php?rest_route=%2Fwp%2Fv2%2Fcategories&post=4002"},{"taxonomy":"post_tag","embeddable":true,"href":"https:\/\/batista-ma.org.br\/index.php?rest_route=%2Fwp%2Fv2%2Ftags&post=4002"}],"curies":[{"name":"wp","href":"https:\/\/api.w.org\/{rel}","templated":true}]}}