{"id":3978,"date":"2023-09-12T20:59:51","date_gmt":"2023-09-12T23:59:51","guid":{"rendered":"https:\/\/batista-ma.org.br\/?p=3978"},"modified":"2023-09-12T20:59:52","modified_gmt":"2023-09-12T23:59:52","slug":"workshop-em-planejamento-estrategico","status":"publish","type":"post","link":"https:\/\/batista-ma.org.br\/?p=3978","title":{"rendered":"WORKSHOP EM PLANEJAMENTO ESTRAT\u00c9GICO"},"content":{"rendered":"\n<p>Planejamento Estrat\u00e9gico para igrejas com o pastor Josu\u00e9 Campanh\u00e3. Em sua palestra, Josu\u00e9 abordou aspectos vitais para o crescimento da igreja no cen\u00e1rio atual. Ele ressaltou princ\u00edpios b\u00edblicos fundamentais para o crescimento, como discipulado, forma\u00e7\u00e3o de l\u00edderes e transforma\u00e7\u00e3o. Ele enfatizou a import\u00e2ncia de ter uma vis\u00e3o ampla no processo e lembrou que o crescimento vem do Senhor. Portanto, \u00e9 essencial entender primeiramente a vis\u00e3o do Senhor e cumprir a Sua vontade para que qualquer m\u00e9todo possa produzir resultados.<\/p>\n","protected":false},"excerpt":{"rendered":"<p>Planejamento Estrat\u00e9gico para igrejas com o pastor Josu\u00e9 Campanh\u00e3. Em sua palestra, Josu\u00e9 abordou aspectos vitais para o crescimento da igreja no cen\u00e1rio atual. Ele ressaltou princ\u00edpios b\u00edblicos fundamentais para o crescimento, como discipulado, forma\u00e7\u00e3o de l\u00edderes e transforma\u00e7\u00e3o. Ele enfatizou a import\u00e2ncia de ter uma vis\u00e3o ampla no processo e lembrou que o crescimento [&hellip;]<\/p>\n","protected":false},"author":4,"featured_media":3981,"comment_status":"open","ping_status":"open","sticky":false,"template":"","format":"standard","meta":{"_themeisle_gutenberg_block_has_review":false,"footnotes":""},"categories":[8],"tags":[],"class_list":{"0":"post-3978","1":"post","2":"type-post","3":"status-publish","4":"format-standard","5":"has-post-thumbnail","7":"category-noticias"},"_links":{"self":[{"href":"https:\/\/batista-ma.org.br\/index.php?rest_route=\/wp\/v2\/posts\/3978"}],"collection":[{"href":"https:\/\/batista-ma.org.br\/index.php?rest_route=\/wp\/v2\/posts"}],"about":[{"href":"https:\/\/batista-ma.org.br\/index.php?rest_route=\/wp\/v2\/types\/post"}],"author":[{"embeddable":true,"href":"https:\/\/batista-ma.org.br\/index.php?rest_route=\/wp\/v2\/users\/4"}],"replies":[{"embeddable":true,"href":"https:\/\/batista-ma.org.br\/index.php?rest_route=%2Fwp%2Fv2%2Fcomments&post=3978"}],"version-history":[{"count":2,"href":"https:\/\/batista-ma.org.br\/index.php?rest_route=\/wp\/v2\/posts\/3978\/revisions"}],"predecessor-version":[{"id":3982,"href":"https:\/\/batista-ma.org.br\/index.php?rest_route=\/wp\/v2\/posts\/3978\/revisions\/3982"}],"wp:featuredmedia":[{"embeddable":true,"href":"https:\/\/batista-ma.org.br\/index.php?rest_route=\/wp\/v2\/media\/3981"}],"wp:attachment":[{"href":"https:\/\/batista-ma.org.br\/index.php?rest_route=%2Fwp%2Fv2%2Fmedia&parent=3978"}],"wp:term":[{"taxonomy":"category","embeddable":true,"href":"https:\/\/batista-ma.org.br\/index.php?rest_route=%2Fwp%2Fv2%2Fcategories&post=3978"},{"taxonomy":"post_tag","embeddable":true,"href":"https:\/\/batista-ma.org.br\/index.php?rest_route=%2Fwp%2Fv2%2Ftags&post=3978"}],"curies":[{"name":"wp","href":"https:\/\/api.w.org\/{rel}","templated":true}]}}