{"id":3974,"date":"2023-09-06T18:23:23","date_gmt":"2023-09-06T21:23:23","guid":{"rendered":"https:\/\/batista-ma.org.br\/?p=3974"},"modified":"2023-09-06T18:23:23","modified_gmt":"2023-09-06T21:23:23","slug":"comunicado-2","status":"publish","type":"post","link":"https:\/\/batista-ma.org.br\/?p=3974","title":{"rendered":"COMUNICADO"},"content":{"rendered":"\n<p><strong>Comunicamos que, devido ao feriado de 07 de setembro e ao anivers\u00e1rio de S\u00e3o Lu\u00eds no dia 08 de setembro, n\u00e3o haver\u00e1 expediente na CBM. Retornaremos \u00e0s atividades na segunda-feira, dia 11 de setembro, a partir das 08:00. Agradecemos a compreens\u00e3o.<\/strong><\/p>\n\n\n\n<p><strong>A Diretoria<\/strong><\/p>\n","protected":false},"excerpt":{"rendered":"<p>Comunicamos que, devido ao feriado de 07 de setembro e ao anivers\u00e1rio de S\u00e3o Lu\u00eds no dia 08 de setembro, n\u00e3o haver\u00e1 expediente na CBM. Retornaremos \u00e0s atividades na segunda-feira, dia 11 de setembro, a partir das 08:00. Agradecemos a compreens\u00e3o. A Diretoria<\/p>\n","protected":false},"author":4,"featured_media":3975,"comment_status":"open","ping_status":"open","sticky":false,"template":"","format":"standard","meta":{"_themeisle_gutenberg_block_has_review":false,"footnotes":""},"categories":[8],"tags":[],"class_list":{"0":"post-3974","1":"post","2":"type-post","3":"status-publish","4":"format-standard","5":"has-post-thumbnail","7":"category-noticias"},"_links":{"self":[{"href":"https:\/\/batista-ma.org.br\/index.php?rest_route=\/wp\/v2\/posts\/3974"}],"collection":[{"href":"https:\/\/batista-ma.org.br\/index.php?rest_route=\/wp\/v2\/posts"}],"about":[{"href":"https:\/\/batista-ma.org.br\/index.php?rest_route=\/wp\/v2\/types\/post"}],"author":[{"embeddable":true,"href":"https:\/\/batista-ma.org.br\/index.php?rest_route=\/wp\/v2\/users\/4"}],"replies":[{"embeddable":true,"href":"https:\/\/batista-ma.org.br\/index.php?rest_route=%2Fwp%2Fv2%2Fcomments&post=3974"}],"version-history":[{"count":1,"href":"https:\/\/batista-ma.org.br\/index.php?rest_route=\/wp\/v2\/posts\/3974\/revisions"}],"predecessor-version":[{"id":3976,"href":"https:\/\/batista-ma.org.br\/index.php?rest_route=\/wp\/v2\/posts\/3974\/revisions\/3976"}],"wp:featuredmedia":[{"embeddable":true,"href":"https:\/\/batista-ma.org.br\/index.php?rest_route=\/wp\/v2\/media\/3975"}],"wp:attachment":[{"href":"https:\/\/batista-ma.org.br\/index.php?rest_route=%2Fwp%2Fv2%2Fmedia&parent=3974"}],"wp:term":[{"taxonomy":"category","embeddable":true,"href":"https:\/\/batista-ma.org.br\/index.php?rest_route=%2Fwp%2Fv2%2Fcategories&post=3974"},{"taxonomy":"post_tag","embeddable":true,"href":"https:\/\/batista-ma.org.br\/index.php?rest_route=%2Fwp%2Fv2%2Ftags&post=3974"}],"curies":[{"name":"wp","href":"https:\/\/api.w.org\/{rel}","templated":true}]}}