{"id":3964,"date":"2023-08-25T18:14:11","date_gmt":"2023-08-25T21:14:11","guid":{"rendered":"https:\/\/batista-ma.org.br\/?p=3964"},"modified":"2023-08-25T18:14:12","modified_gmt":"2023-08-25T21:14:12","slug":"25-de-agosto-dia-nacional-dos-embaixadores-do-rei","status":"publish","type":"post","link":"https:\/\/batista-ma.org.br\/?p=3964","title":{"rendered":"25 DE AGOSTO DIA NACIONAL DOS EMBAIXADORES DO REI"},"content":{"rendered":"\n<p>Hoje, 25 de agosto, celebramos o Dia dos Embaixadores do Rei. Os Embaixadores do Rei \u00e9 uma organiza\u00e7\u00e3o mission\u00e1ria que se dedica a trabalhar com adolescentes e jovens entre 9 e 17 anos de idade. Seu objetivo \u00e9 promover atividades sociais, espirituais, esportivas, recreativas e educativas livres. \u00c9 um dia para reconhecer e comemorar o trabalho importante que esta organiza\u00e7\u00e3o realiza. Parab\u00e9ns aos Embaixadores do Rei!\u00a0<\/p>\n","protected":false},"excerpt":{"rendered":"<p>Hoje, 25 de agosto, celebramos o Dia dos Embaixadores do Rei. Os Embaixadores do Rei \u00e9 uma organiza\u00e7\u00e3o mission\u00e1ria que se dedica a trabalhar com adolescentes e jovens entre 9 e 17 anos de idade. Seu objetivo \u00e9 promover atividades sociais, espirituais, esportivas, recreativas e educativas livres. \u00c9 um dia para reconhecer e comemorar o [&hellip;]<\/p>\n","protected":false},"author":4,"featured_media":3965,"comment_status":"open","ping_status":"open","sticky":false,"template":"","format":"standard","meta":{"_themeisle_gutenberg_block_has_review":false,"footnotes":""},"categories":[8],"tags":[],"class_list":{"0":"post-3964","1":"post","2":"type-post","3":"status-publish","4":"format-standard","5":"has-post-thumbnail","7":"category-noticias"},"_links":{"self":[{"href":"https:\/\/batista-ma.org.br\/index.php?rest_route=\/wp\/v2\/posts\/3964"}],"collection":[{"href":"https:\/\/batista-ma.org.br\/index.php?rest_route=\/wp\/v2\/posts"}],"about":[{"href":"https:\/\/batista-ma.org.br\/index.php?rest_route=\/wp\/v2\/types\/post"}],"author":[{"embeddable":true,"href":"https:\/\/batista-ma.org.br\/index.php?rest_route=\/wp\/v2\/users\/4"}],"replies":[{"embeddable":true,"href":"https:\/\/batista-ma.org.br\/index.php?rest_route=%2Fwp%2Fv2%2Fcomments&post=3964"}],"version-history":[{"count":1,"href":"https:\/\/batista-ma.org.br\/index.php?rest_route=\/wp\/v2\/posts\/3964\/revisions"}],"predecessor-version":[{"id":3966,"href":"https:\/\/batista-ma.org.br\/index.php?rest_route=\/wp\/v2\/posts\/3964\/revisions\/3966"}],"wp:featuredmedia":[{"embeddable":true,"href":"https:\/\/batista-ma.org.br\/index.php?rest_route=\/wp\/v2\/media\/3965"}],"wp:attachment":[{"href":"https:\/\/batista-ma.org.br\/index.php?rest_route=%2Fwp%2Fv2%2Fmedia&parent=3964"}],"wp:term":[{"taxonomy":"category","embeddable":true,"href":"https:\/\/batista-ma.org.br\/index.php?rest_route=%2Fwp%2Fv2%2Fcategories&post=3964"},{"taxonomy":"post_tag","embeddable":true,"href":"https:\/\/batista-ma.org.br\/index.php?rest_route=%2Fwp%2Fv2%2Ftags&post=3964"}],"curies":[{"name":"wp","href":"https:\/\/api.w.org\/{rel}","templated":true}]}}