{"id":3949,"date":"2023-08-04T07:01:53","date_gmt":"2023-08-04T10:01:53","guid":{"rendered":"https:\/\/batista-ma.org.br\/?p=3949"},"modified":"2023-08-04T23:06:36","modified_gmt":"2023-08-05T02:06:36","slug":"envisionar-planejamento-estrategico-para-igrejas","status":"publish","type":"post","link":"https:\/\/batista-ma.org.br\/?p=3949","title":{"rendered":"ENVISIONAR &#8211; PLANEJAMENTO ESTRAT\u00c9GICO PARA IGREJAS"},"content":{"rendered":"\n<p>NO Dia 11 de setembro \u00e0s 14:00, teremos um Workshop com o pastor Josu\u00e9 Campanh\u00e3. <br>Link de inscri\u00e7\u00e3o:<br><a href=\"https:\/\/forms.gle\/ZomkjdiYi7Py46U19\">https:\/\/forms.gle\/ZomkjdiYi7Py46U19<\/a><\/p>\n\n\n\n<p>N\u00e3o perca a oportunidade de participar da palestra de Josu\u00e9 Campanh\u00e3, um profissional altamente qualificado com forma\u00e7\u00e3o em teologia, administra\u00e7\u00e3o de empresas e mestrado em lideran\u00e7a. Nesta palestra, Josu\u00e9 ir\u00e1 compartilhar seus conhecimentos e experi\u00eancias para ajudar pastores e l\u00edderes a compreender a import\u00e2ncia do planejamento estrat\u00e9gico e muitas outras \u00e1reas. Aprenda com um dos melhores e d\u00ea um impulso na sua carreira e na sua igreja. Inscreva-se agora e garanta sua vaga nesta palestra imperd\u00edvel!<\/p>\n","protected":false},"excerpt":{"rendered":"<p>NO Dia 11 de setembro \u00e0s 14:00, teremos um Workshop com o pastor Josu\u00e9 Campanh\u00e3. Link de inscri\u00e7\u00e3o:https:\/\/forms.gle\/ZomkjdiYi7Py46U19 N\u00e3o perca a oportunidade de participar da palestra de Josu\u00e9 Campanh\u00e3, um profissional altamente qualificado com forma\u00e7\u00e3o em teologia, administra\u00e7\u00e3o de empresas e mestrado em lideran\u00e7a. Nesta palestra, Josu\u00e9 ir\u00e1 compartilhar seus conhecimentos e experi\u00eancias para ajudar [&hellip;]<\/p>\n","protected":false},"author":4,"featured_media":3950,"comment_status":"open","ping_status":"open","sticky":false,"template":"","format":"standard","meta":{"_themeisle_gutenberg_block_has_review":false,"footnotes":""},"categories":[8],"tags":[],"class_list":{"0":"post-3949","1":"post","2":"type-post","3":"status-publish","4":"format-standard","5":"has-post-thumbnail","7":"category-noticias"},"_links":{"self":[{"href":"https:\/\/batista-ma.org.br\/index.php?rest_route=\/wp\/v2\/posts\/3949"}],"collection":[{"href":"https:\/\/batista-ma.org.br\/index.php?rest_route=\/wp\/v2\/posts"}],"about":[{"href":"https:\/\/batista-ma.org.br\/index.php?rest_route=\/wp\/v2\/types\/post"}],"author":[{"embeddable":true,"href":"https:\/\/batista-ma.org.br\/index.php?rest_route=\/wp\/v2\/users\/4"}],"replies":[{"embeddable":true,"href":"https:\/\/batista-ma.org.br\/index.php?rest_route=%2Fwp%2Fv2%2Fcomments&post=3949"}],"version-history":[{"count":3,"href":"https:\/\/batista-ma.org.br\/index.php?rest_route=\/wp\/v2\/posts\/3949\/revisions"}],"predecessor-version":[{"id":3953,"href":"https:\/\/batista-ma.org.br\/index.php?rest_route=\/wp\/v2\/posts\/3949\/revisions\/3953"}],"wp:featuredmedia":[{"embeddable":true,"href":"https:\/\/batista-ma.org.br\/index.php?rest_route=\/wp\/v2\/media\/3950"}],"wp:attachment":[{"href":"https:\/\/batista-ma.org.br\/index.php?rest_route=%2Fwp%2Fv2%2Fmedia&parent=3949"}],"wp:term":[{"taxonomy":"category","embeddable":true,"href":"https:\/\/batista-ma.org.br\/index.php?rest_route=%2Fwp%2Fv2%2Fcategories&post=3949"},{"taxonomy":"post_tag","embeddable":true,"href":"https:\/\/batista-ma.org.br\/index.php?rest_route=%2Fwp%2Fv2%2Ftags&post=3949"}],"curies":[{"name":"wp","href":"https:\/\/api.w.org\/{rel}","templated":true}]}}