{"id":3932,"date":"2023-07-01T09:54:09","date_gmt":"2023-07-01T12:54:09","guid":{"rendered":"https:\/\/batista-ma.org.br\/?p=3932"},"modified":"2023-07-01T09:54:10","modified_gmt":"2023-07-01T12:54:10","slug":"mentoria-em-ministerios","status":"publish","type":"post","link":"https:\/\/batista-ma.org.br\/?p=3932","title":{"rendered":"MENTORIA EM MINIST\u00c9RIOS"},"content":{"rendered":"\n<p>A Mentoria \u00e9 um conceito necess\u00e1rio \u00e0s v\u00e1rias \u00e1reas de atua\u00e7\u00e3o. No contexto crist\u00e3o, n\u00e3o \u00e9 diferente, ela se prop\u00f5e a agir com gra\u00e7a especial para ajudar pessoas a crescerem regular e intencionalmente, na vida e no minist\u00e9rio. No Antigo e Novo Testamento \u00e9 poss\u00edvel observar alguns desses relacionamentos intencionais: Jetro e Mois\u00e9s; Mois\u00e9s e Josu\u00e9; Elias e Eliseu; Jesus e os disc\u00edpulos; Barnab\u00e9 e Paulo; Paulo e Tim\u00f3teo. Percebe-se ent\u00e3o, que o minist\u00e9rio p\u00fablico desses l\u00edderes, tinha como um dos objetivos centrais o minist\u00e9rio particular de investir individualmente na vida de pessoas. \u00c9 nesse sentido, que o Semin\u00e1rio Teol\u00f3gico Batista em S\u00e3o Lu\u00eds trouxe a lume o curso de Mentoria em Minist\u00e9rios com carga hor\u00e1ria de 20h.<\/p>\n\n\n\n<p><strong>1 OBJETIVO GERAL<\/strong><\/p>\n\n\n\n<p>Preparar mentores e mentoreados com o prop\u00f3sito que a igreja entenda o papel fundamental da mentoria e do discipulado no processo de conduzir a igreja ao crescimento e maturidade em seus v\u00e1rios minist\u00e9rios com a Mentoria Espiritual.<\/p>\n\n\n\n<p><strong>2 OBJETIVOS ESPEC\u00cdFICOS<\/strong><\/p>\n\n\n\n<ul class=\"wp-block-list\">\n<li>Compreender biblicamente o que \u00e9 Mentoria.<\/li>\n\n\n\n<li>Entender a import\u00e2ncia e o papel da Mentoria na Igreja.<\/li>\n\n\n\n<li>Aprender como colocar a Mentoria Espiritual em Pr\u00e1tica.<\/li>\n\n\n\n<li>Compreender o Processo de Forma\u00e7\u00e3o de Mentores.<\/li>\n<\/ul>\n\n\n\n<p><strong>3 CARACTER\u00cdSTICAS GERAIS<\/strong><\/p>\n\n\n\n<ul class=\"wp-block-list\">\n<li>T\u00edtulo do Curso: Curso de Mentoria em Minist\u00e9rios<\/li>\n\n\n\n<li>Car\u00e1ter: Capacita\u00e7\u00e3o<\/li>\n\n\n\n<li>Modalidade: Remoto (On-line)<\/li>\n\n\n\n<li>Dura\u00e7\u00e3o: 03 a 06 de julho de 2023, carga hor\u00e1ria de 20 horas<\/li>\n\n\n\n<li>Titula\u00e7\u00e3o: Certificado de Capacita\u00e7\u00e3o Ministerial pelo Semin\u00e1rio Teol\u00f3gico Batista em S\u00e3o Lu\u00eds para os alunos que conclu\u00edrem com \u00eaxito o curso.<\/li>\n\n\n\n<li>Semin\u00e1rio Teol\u00f3gico Batista em S\u00e3o Lu\u00eds \u00e9 uma institui\u00e7\u00e3o filiada a ABIBET (Associa\u00e7\u00e3o Brasileira de Institui\u00e7\u00f5es Batistas de Ensino Teol\u00f3gico) \u00f3rg\u00e3o este regulador e fiscalizador.<\/li>\n\n\n\n<li>N\u00famero de vagas 40 (quarenta), sendo necess\u00e1rio o m\u00ednimo de 20 alunos para realiza\u00e7\u00e3o do curso.<\/li>\n<\/ul>\n\n\n\n<p><strong>4 PR\u00c9-REQUISITOS<\/strong><\/p>\n\n\n\n<ul class=\"wp-block-list\">\n<li>Ser crente, membro de uma Igreja evang\u00e9lica&nbsp;<\/li>\n\n\n\n<li>Ter Ensino M\u00e9dio Completo<\/li>\n\n\n\n<li>N\u00famero de telefone com WhatsApp<\/li>\n\n\n\n<li>Computador, tablet ou smartphone e acesso est\u00e1vel a internet<\/li>\n<\/ul>\n\n\n\n<p><strong>5 P\u00daBLICO ALVO<\/strong><\/p>\n\n\n\n<p>Pastores, membros, l\u00edderes de minist\u00e9rios e organiza\u00e7\u00f5es mission\u00e1rias, l\u00edderes de PGMs e c\u00e9lulas, obreiros, di\u00e1conos, mission\u00e1rios, professores da EBD e demais interessados na \u00e1rea.<\/p>\n\n\n\n<p><strong>6 TEMAS A SEREM ABORDADOS:<\/strong><\/p>\n\n\n\n<p><strong>Aulas gerais<\/strong><\/p>\n\n\n\n<ul class=\"wp-block-list\">\n<li>A Mentoria e suas Bases B\u00edblicas \u2013 Pr. Thiago (coordenador de extens\u00e3o do STBSL e pr. Auxiliar da SIB)<\/li>\n\n\n\n<li>A Mentoria e o Discipulado \u2013 Pr. Alexandre (Pr. Batista, membro da IB Turu)<\/li>\n\n\n\n<li>A Mentoria: pr\u00e1tica ministerial \u2013 Pr. Ruben (Pr. da PIB de Ros\u00e1rio)<\/li>\n<\/ul>\n\n\n\n<p><strong>Oficinas<\/strong><\/p>\n\n\n\n<ul class=\"wp-block-list\">\n<li>A Mentoria na MCM \u2013 Profa. Auriesdra (Profa. do STBSL)<\/li>\n\n\n\n<li>A Mentoria no Minist\u00e9rio de Louvor \u2013 Adson Reis (Ministro de Louvor da IB Plenitude)<\/li>\n\n\n\n<li>A Mentoria no Minist\u00e9rio de Juventude \u2013 Danilo (Executivo da Jubama)<\/li>\n\n\n\n<li>A Mentoria dos Pastores, Di\u00e1conos e UMHB \u2013 Pr. Roberval<\/li>\n<\/ul>\n\n\n\n<p><strong>7 SISTEM\u00c1TICA OPERACIONAL E MODALIDADE<\/strong><\/p>\n\n\n\n<p>O curso ser\u00e1 oferecido na modalidade remota (ass\u00edncrona), via plataforma Zoom Meeting. Ser\u00e1 necess\u00e1rio um dispositivo (celular, notebook ou tablet) com internet e uso do programa\/aplicativo ZoomMeetings.<\/p>\n\n\n\n<p>O curso pressup\u00f5e uma boa capacidade de estudo individual da parte do aluno e presen\u00e7a efetiva nos encontros.<\/p>\n\n\n\n<figure class=\"wp-block-image\"><img decoding=\"async\" src=\"https:\/\/i0.wp.com\/stbsl.org\/wp-content\/uploads\/2023\/06\/image-1.png?resize=640%2C328&amp;ssl=1\" alt=\"\" class=\"wp-image-1878\"\/><\/figure>\n\n\n\n<p><strong>INVESTIMENTO:<\/strong><\/p>\n\n\n\n<h2 class=\"wp-block-heading\">R$ 59,90 (cinquenta e nove reais e noventa centavos).<\/h2>\n\n\n\n<p>OBS. Pagamento via cart\u00e3o\/boleto com acr\u00e9scimo de taxas do PagSeguro.<\/p>\n\n\n\n<p><a>Pagar R$ 59,90&nbsp; via transfer\u00eancia\/PIX<\/a><\/p>\n","protected":false},"excerpt":{"rendered":"<p>A Mentoria \u00e9 um conceito necess\u00e1rio \u00e0s v\u00e1rias \u00e1reas de atua\u00e7\u00e3o. No contexto crist\u00e3o, n\u00e3o \u00e9 diferente, ela se prop\u00f5e a agir com gra\u00e7a especial para ajudar pessoas a crescerem regular e intencionalmente, na vida e no minist\u00e9rio. No Antigo e Novo Testamento \u00e9 poss\u00edvel observar alguns desses relacionamentos intencionais: Jetro e Mois\u00e9s; Mois\u00e9s e [&hellip;]<\/p>\n","protected":false},"author":4,"featured_media":3933,"comment_status":"open","ping_status":"open","sticky":false,"template":"","format":"standard","meta":{"_themeisle_gutenberg_block_has_review":false,"footnotes":""},"categories":[8],"tags":[],"class_list":{"0":"post-3932","1":"post","2":"type-post","3":"status-publish","4":"format-standard","5":"has-post-thumbnail","7":"category-noticias"},"_links":{"self":[{"href":"https:\/\/batista-ma.org.br\/index.php?rest_route=\/wp\/v2\/posts\/3932"}],"collection":[{"href":"https:\/\/batista-ma.org.br\/index.php?rest_route=\/wp\/v2\/posts"}],"about":[{"href":"https:\/\/batista-ma.org.br\/index.php?rest_route=\/wp\/v2\/types\/post"}],"author":[{"embeddable":true,"href":"https:\/\/batista-ma.org.br\/index.php?rest_route=\/wp\/v2\/users\/4"}],"replies":[{"embeddable":true,"href":"https:\/\/batista-ma.org.br\/index.php?rest_route=%2Fwp%2Fv2%2Fcomments&post=3932"}],"version-history":[{"count":1,"href":"https:\/\/batista-ma.org.br\/index.php?rest_route=\/wp\/v2\/posts\/3932\/revisions"}],"predecessor-version":[{"id":3934,"href":"https:\/\/batista-ma.org.br\/index.php?rest_route=\/wp\/v2\/posts\/3932\/revisions\/3934"}],"wp:featuredmedia":[{"embeddable":true,"href":"https:\/\/batista-ma.org.br\/index.php?rest_route=\/wp\/v2\/media\/3933"}],"wp:attachment":[{"href":"https:\/\/batista-ma.org.br\/index.php?rest_route=%2Fwp%2Fv2%2Fmedia&parent=3932"}],"wp:term":[{"taxonomy":"category","embeddable":true,"href":"https:\/\/batista-ma.org.br\/index.php?rest_route=%2Fwp%2Fv2%2Fcategories&post=3932"},{"taxonomy":"post_tag","embeddable":true,"href":"https:\/\/batista-ma.org.br\/index.php?rest_route=%2Fwp%2Fv2%2Ftags&post=3932"}],"curies":[{"name":"wp","href":"https:\/\/api.w.org\/{rel}","templated":true}]}}