{"id":3904,"date":"2023-06-09T16:54:07","date_gmt":"2023-06-09T19:54:07","guid":{"rendered":"https:\/\/batista-ma.org.br\/?p=3904"},"modified":"2023-06-09T16:54:08","modified_gmt":"2023-06-09T19:54:08","slug":"campanha-de-missoes-estaduais-2023","status":"publish","type":"post","link":"https:\/\/batista-ma.org.br\/?p=3904","title":{"rendered":"CAMPANHA DE MISS\u00d5ES ESTADUAIS 2023"},"content":{"rendered":"<p class=\"_04xlpA direction-ltr align-center para-style-body\"><span class=\"WdYUQQ text-decoration-none text-strikethrough-none\"><img loading=\"lazy\" decoding=\"async\" class=\"alignnone size-thumbnail wp-image-3897\" src=\"https:\/\/batista-ma.org.br\/wp-content\/uploads\/2023\/06\/IMG-20230329-WA0053-Copia-150x150.jpg\" alt=\"\" width=\"150\" height=\"150\" \/><\/span><\/p>\n<p class=\"_04xlpA direction-ltr align-center para-style-body\"><span class=\"WdYUQQ text-decoration-none text-strikethrough-none\">PALAVRA DO PRESIDENTE<br \/>\n<\/span><span class=\"WdYUQQ text-decoration-none text-strikethrough-none\">Gra\u00e7a e Paz,<\/span><\/p>\n<p class=\"_04xlpA direction-ltr align-justify para-style-body\"><span class=\"WdYUQQ text-decoration-none text-strikethrough-none\">Batistas Maranhenses, estamos iniciando mais uma Campanha de<br \/>\n<\/span><span class=\"WdYUQQ text-decoration-none text-strikethrough-none\">Miss\u00f5es Estaduais sob o Tema: Desperta Maranh\u00e3o e divisa em Romanos<br \/>\n<\/span><span class=\"WdYUQQ text-decoration-none text-strikethrough-none\">10.15 \u201cE como pregar\u00e3o, se n\u00e3o forem enviados? Como est\u00e1 escrito:<br \/>\n<\/span><span class=\"WdYUQQ text-decoration-none text-strikethrough-none\">Qu\u00e3o formosos s\u00e3o os p\u00e9s dos que anunciam coisas boas!\u201d Convocamos<br \/>\n<\/span><span style=\"color: initial;\">todas as Igrejas Batistas, filiadas \u00e0 Conven\u00e7\u00e3o Batista Maranhense, para juntos<br \/>\n<\/span><span class=\"WdYUQQ text-decoration-none text-strikethrough-none\">anunciar o Evangelho de Jesus Cristo, seja nas \u00e1reas urbanas ou rurais, de<br \/>\n<\/span><span class=\"WdYUQQ text-decoration-none text-strikethrough-none\">norte a sul e leste a oeste, trabalhando com alegria e disposi\u00e7\u00e3o o tema e<br \/>\n<\/span><span class=\"WdYUQQ text-decoration-none text-strikethrough-none\">divisa desta Campanha.<\/span><\/p>\n<p class=\"_04xlpA direction-ltr align-justify para-style-body\"><span class=\"WdYUQQ text-decoration-none text-strikethrough-none\">Urge o tempo em atender a necessidade de nosso Estado, fazendo-<br \/>\n<\/span><span style=\"color: initial;\">o conhecer a verdade contida na Palavra de Deus. Mobilize, ore, contribua e<br \/>\n<\/span><span class=\"WdYUQQ text-decoration-none text-strikethrough-none\">participe com a sua igreja ou congrega\u00e7\u00e3o e vamos despertar o Maranh\u00e3o<br \/>\n<\/span><span class=\"WdYUQQ text-decoration-none text-strikethrough-none\">Batista para miss\u00f5es, atendendo a ordem da grande Comiss\u00e3o.<\/span><\/p>\n<p class=\"_04xlpA direction-ltr align-justify para-style-body\"><span class=\"WdYUQQ text-decoration-none text-strikethrough-none\">Muitos s\u00e3o os lugares em o nosso Estado, que ainda \u00e9 necess\u00e1rio<br \/>\n<\/span><span class=\"WdYUQQ text-decoration-none text-strikethrough-none\">um trabalho de evangeliza\u00e7\u00e3o. Contamos com cada membro e congregado<br \/>\n<\/span><span class=\"WdYUQQ text-decoration-none text-strikethrough-none\">para este encargo. Finalmente, deixo o texto de Salmos 90.16 e 17, que diz:<br \/>\n<\/span><span class=\"WdYUQQ text-decoration-none text-strikethrough-none\">\u201cAos teus servos apare\u00e7am as tuas obras, e a seus filhos, a tua gl\u00f3ria. Seja<br \/>\n<\/span><span class=\"WdYUQQ text-decoration-none text-strikethrough-none\">sobre n\u00f3s a gra\u00e7a do Senhor, nosso Deus, confirma sobre n\u00f3s as obras das<br \/>\n<\/span><span class=\"WdYUQQ text-decoration-none text-strikethrough-none\">nossas m\u00e3os, sim, confirma a obra das nossas m\u00e3os.<\/span><\/p>\n<p class=\"_04xlpA direction-ltr align-justify para-style-body\"><span class=\"WdYUQQ text-decoration-none text-strikethrough-none\">Fraternalmente em Cristo Jesus,<\/span><\/p>\n<p class=\"_04xlpA direction-ltr align-justify para-style-body\"><strong><span class=\"WdYUQQ text-decoration-none text-strikethrough-none\">Rog\u00e9rio Ribeiro Linhares<br \/>\n<\/span><\/strong><span class=\"WdYUQQ text-decoration-none text-strikethrough-none\">Presidente da CBM<\/span><\/p>\n<p>Material para Campanha Desperta Maranh\u00e3o. <a href=\"https:\/\/drive.google.com\/drive\/folders\/1wNXnzASmhQRxF4qtnAzc8Gl7nRaMUukk?usp=drive_link\">Clique aqui<\/a> ou copie o link a baixo:<br \/>\n<a href=\"https:\/\/drive.google.com\/drive\/folders\/1wNXnzASmhQRxF4qtnAzc8Gl7nRaMUukk?usp=drive_link\">https:\/\/drive.google.com\/drive\/folders\/1wNXnzASmhQRxF4qtnAzc8Gl7nRaMUukk?usp=drive_link<\/a><\/p>\n<h4><strong>O QUE \u00c9 O SIM \u2013 Sistema Integrado de Miss\u00f5es<\/strong><\/h4>\n<p>\u00c9 uma estrat\u00e9gia\u00a0para promover miss\u00f5es no estado do Maranh\u00e3o<\/p>\n<p><strong>Objetivo \u2013<\/strong> Arrecadar recursos para manter mission\u00e1rios no campo.<\/p>\n<p><strong>Operacionalidade \u2013 <\/strong>Contribui\u00e7\u00e3o mensal dos membros e congregados de nossas igrejas com apenas\u00a0 R$ 5,00 (Cinco Reais Por m\u00eas) por pessoa.<\/p>\n<p><b>Estrat\u00e9gia<\/b><strong>\u00a0&#8211;\u00a0 <\/strong>Envelopes padronizados distribu\u00eddos as Igrejas\u00a0 e membros cooperantes<\/p>\n<p><strong>Alvo-<\/strong> Alcan\u00e7ar todo no campo maranhense com um trabalho batista<br \/>\n-Alcan\u00e7ar com novos trabalhos cidades, Bairros e Povoados<br \/>\n-Revitaliza\u00e7\u00e3o dos trabalhos batistas j\u00e1 existentes<br \/>\n-Manter a divulga\u00e7\u00e3o desse trabalho com seus pr\u00f3prios recursos<\/p>\n<p><strong>PARA QUE SERVE O SIM<br \/>\n<\/strong>Para o sustento mission\u00e1rios de conveniados \u00e0 CBM\/ASSOCIA\u00c7\u00d5ES e projetos mission\u00e1rios em todo estado maranhense.<\/p>\n<p><strong>CRIA\u00c7\u00c3O DO SIM<\/strong><\/p>\n<p>No ano de 2001 foi criado o SIM pela Conven\u00e7\u00e3o Batista Maranhense.<br \/>\nHist\u00f3ria da arrecada\u00e7\u00e3o de MISS\u00d5ES ESTADUAL, antes do SIM<br \/>\nEvolu\u00e7\u00e3o da arrecada\u00e7\u00e3o do SIM ano a ano<\/p>\n<p><strong>A CRIA\u00c7\u00c3O DO (SIM) \u00c9 UMA INICIATICA IN\u00c9DITA <\/strong><\/p>\n<p>\u00c9 o \u00fanico estado a \u00fanica conven\u00e7\u00e3o que trabalha com esse sistema de arrecada\u00e7\u00e3o e campanha estadual.<\/p>\n<p>Tem dado certo ao longo dos anos, faltando o aprimoramento, acompanhamento e incentivo<\/p>\n<p><strong>ONDE \u00c9 APLICADO O DINHEIRO DO SIM\u00a0<\/strong><\/p>\n<p>O dinheiro \u00e9 aplicado em projetos mission\u00e1rios como: capacita\u00e7\u00e3o de l\u00edderes, revitaliza\u00e7\u00e3o de igrejas atrav\u00e9s do envio de mission\u00e1rios para o campo batista, investimento em infraestrutura para congrega\u00e7\u00f5es e igrejas.<\/p>\n<p><strong>ONDE ESTA A PRESEN\u00c7A BATISTA<\/strong><\/p>\n<p><strong><em>Atualmente estamos em sete regi\u00f5es do Estado, representada em oito Associa\u00e7\u00f5es, a saber:<\/em><\/strong><\/p>\n<p><strong>Associa\u00e7\u00e3o do Alto Turi<\/strong> &#8211; com 09 Igrejas e 07 Congrega\u00e7\u00f5es.<br \/>\n<strong>Associa\u00e7\u00e3o da Baixada Maranhense<\/strong> &#8211; com 30 Igrejas e 68 Congrega\u00e7\u00e3o.<br \/>\n<strong>Associa\u00e7\u00e3o dos Cocais<\/strong> &#8211; com 33 Igrejas e 51 Congrega\u00e7\u00f5es.<br \/>\n<strong>Associa\u00e7\u00e3o da Grande S\u00e3o Lu\u00eds<\/strong> &#8211; com 58 Igreja e 13 Congrega\u00e7\u00f5es. (S\u00e3o Lu\u00eds)<br \/>\n<strong>Associa\u00e7\u00e3o Metropolitana<\/strong> &#8211; Com 116 Igreja e 38 Congrega\u00e7\u00f5es.\u00a0(S\u00e3o Lu\u00eds)<br \/>\n<strong>Associa\u00e7\u00e3o dos Len\u00e7\u00f3is Maranhense<\/strong> &#8211; com 19 Igrejas e 19 Congrega\u00e7\u00e3o.<br \/>\n<strong>Associa\u00e7\u00e3o do Vale do Munim<\/strong> &#8211; com 22 Igrejas e 26 Congrega\u00e7\u00f5es.<br \/>\n<strong>Associa\u00e7\u00e3o Vale do Pindar\u00e9<\/strong> &#8211; com 16 Igrejas e 12 Congrega\u00e7\u00f5es.<\/p>\n","protected":false},"excerpt":{"rendered":"<p>PALAVRA DO PRESIDENTE Gra\u00e7a e Paz, Batistas Maranhenses, estamos iniciando mais uma Campanha de Miss\u00f5es Estaduais sob o Tema: Desperta Maranh\u00e3o e divisa em Romanos 10.15 \u201cE como pregar\u00e3o, se n\u00e3o forem enviados? Como est\u00e1 escrito: Qu\u00e3o formosos s\u00e3o os p\u00e9s dos que anunciam coisas boas!\u201d Convocamos todas as Igrejas Batistas, filiadas \u00e0 Conven\u00e7\u00e3o Batista [&hellip;]<\/p>\n","protected":false},"author":4,"featured_media":3891,"comment_status":"open","ping_status":"open","sticky":false,"template":"","format":"standard","meta":{"_themeisle_gutenberg_block_has_review":false,"footnotes":""},"categories":[8],"tags":[],"class_list":{"0":"post-3904","1":"post","2":"type-post","3":"status-publish","4":"format-standard","5":"has-post-thumbnail","7":"category-noticias"},"_links":{"self":[{"href":"https:\/\/batista-ma.org.br\/index.php?rest_route=\/wp\/v2\/posts\/3904"}],"collection":[{"href":"https:\/\/batista-ma.org.br\/index.php?rest_route=\/wp\/v2\/posts"}],"about":[{"href":"https:\/\/batista-ma.org.br\/index.php?rest_route=\/wp\/v2\/types\/post"}],"author":[{"embeddable":true,"href":"https:\/\/batista-ma.org.br\/index.php?rest_route=\/wp\/v2\/users\/4"}],"replies":[{"embeddable":true,"href":"https:\/\/batista-ma.org.br\/index.php?rest_route=%2Fwp%2Fv2%2Fcomments&post=3904"}],"version-history":[{"count":2,"href":"https:\/\/batista-ma.org.br\/index.php?rest_route=\/wp\/v2\/posts\/3904\/revisions"}],"predecessor-version":[{"id":3907,"href":"https:\/\/batista-ma.org.br\/index.php?rest_route=\/wp\/v2\/posts\/3904\/revisions\/3907"}],"wp:featuredmedia":[{"embeddable":true,"href":"https:\/\/batista-ma.org.br\/index.php?rest_route=\/wp\/v2\/media\/3891"}],"wp:attachment":[{"href":"https:\/\/batista-ma.org.br\/index.php?rest_route=%2Fwp%2Fv2%2Fmedia&parent=3904"}],"wp:term":[{"taxonomy":"category","embeddable":true,"href":"https:\/\/batista-ma.org.br\/index.php?rest_route=%2Fwp%2Fv2%2Fcategories&post=3904"},{"taxonomy":"post_tag","embeddable":true,"href":"https:\/\/batista-ma.org.br\/index.php?rest_route=%2Fwp%2Fv2%2Ftags&post=3904"}],"curies":[{"name":"wp","href":"https:\/\/api.w.org\/{rel}","templated":true}]}}