{"id":3852,"date":"2023-05-20T15:01:43","date_gmt":"2023-05-20T18:01:43","guid":{"rendered":"https:\/\/batista-ma.org.br\/?p=3852"},"modified":"2023-05-20T15:01:44","modified_gmt":"2023-05-20T18:01:44","slug":"operacao-transturi","status":"publish","type":"post","link":"https:\/\/batista-ma.org.br\/?p=3852","title":{"rendered":"OPERA\u00c7\u00c3O TRANSTURI"},"content":{"rendered":"\n<p>A ASSOCIA\u00c7\u00c3O DAS IGREJA BATISTAS DO ALTO DO TURI REALIZAR\u00c1 O TRANSTURI, O EVENTO ACONTECER\u00c1 DE 9 A 16 DE JULHO <\/p>\n","protected":false},"excerpt":{"rendered":"<p>A ASSOCIA\u00c7\u00c3O DAS IGREJA BATISTAS DO ALTO DO TURI REALIZAR\u00c1 O TRANSTURI, O EVENTO ACONTECER\u00c1 DE 9 A 16 DE JULHO<\/p>\n","protected":false},"author":4,"featured_media":3849,"comment_status":"open","ping_status":"open","sticky":false,"template":"","format":"standard","meta":{"_themeisle_gutenberg_block_has_review":false,"footnotes":""},"categories":[8],"tags":[],"class_list":{"0":"post-3852","1":"post","2":"type-post","3":"status-publish","4":"format-standard","5":"has-post-thumbnail","7":"category-noticias"},"_links":{"self":[{"href":"https:\/\/batista-ma.org.br\/index.php?rest_route=\/wp\/v2\/posts\/3852"}],"collection":[{"href":"https:\/\/batista-ma.org.br\/index.php?rest_route=\/wp\/v2\/posts"}],"about":[{"href":"https:\/\/batista-ma.org.br\/index.php?rest_route=\/wp\/v2\/types\/post"}],"author":[{"embeddable":true,"href":"https:\/\/batista-ma.org.br\/index.php?rest_route=\/wp\/v2\/users\/4"}],"replies":[{"embeddable":true,"href":"https:\/\/batista-ma.org.br\/index.php?rest_route=%2Fwp%2Fv2%2Fcomments&post=3852"}],"version-history":[{"count":1,"href":"https:\/\/batista-ma.org.br\/index.php?rest_route=\/wp\/v2\/posts\/3852\/revisions"}],"predecessor-version":[{"id":3853,"href":"https:\/\/batista-ma.org.br\/index.php?rest_route=\/wp\/v2\/posts\/3852\/revisions\/3853"}],"wp:featuredmedia":[{"embeddable":true,"href":"https:\/\/batista-ma.org.br\/index.php?rest_route=\/wp\/v2\/media\/3849"}],"wp:attachment":[{"href":"https:\/\/batista-ma.org.br\/index.php?rest_route=%2Fwp%2Fv2%2Fmedia&parent=3852"}],"wp:term":[{"taxonomy":"category","embeddable":true,"href":"https:\/\/batista-ma.org.br\/index.php?rest_route=%2Fwp%2Fv2%2Fcategories&post=3852"},{"taxonomy":"post_tag","embeddable":true,"href":"https:\/\/batista-ma.org.br\/index.php?rest_route=%2Fwp%2Fv2%2Ftags&post=3852"}],"curies":[{"name":"wp","href":"https:\/\/api.w.org\/{rel}","templated":true}]}}