{"id":3835,"date":"2023-05-20T08:35:25","date_gmt":"2023-05-20T11:35:25","guid":{"rendered":"https:\/\/batista-ma.org.br\/?p=3835"},"modified":"2023-05-20T08:54:12","modified_gmt":"2023-05-20T11:54:12","slug":"congresso-associacional","status":"publish","type":"post","link":"https:\/\/batista-ma.org.br\/?p=3835","title":{"rendered":"CONGRESSO ASSOCIACIONAL"},"content":{"rendered":"\n<p>Nos dias 26 e 27 de maio, acontecer\u00e1 o Congresso Associacional. <\/p>\n\n\n\n<p>Tema: Igreja Saud\u00e1vel, corpo que cresce em quantidade e qualidade.<\/p>\n\n\n\n<p>Oradores: Pr. Denis Gomes (PIB Cod\u00f3) e Pr. Jaison Oliveira (PIB Cod\u00f3)<\/p>\n\n\n\n<p>Local: Igreja Batista Gets\u00eamani <\/p>\n\n\n\n<p>Hor\u00e1rios: 26, sexta \u00e0s 19 h e s\u00e1bado \u00e0s 08:00<\/p>\n\n\n\n<p>INSCRI\u00c7\u00d5ES PELO LINK : <a href=\"https:\/\/docs.google.com\/forms\/d\/e\/1FAIpQLSfYIPDh6bwKNlzVjsU7Xt2WKl2zB7TDxzRmz1K3zgixmFe50w\/viewform?usp=pp_url\">https:\/\/docs.google.com\/forms\/d\/e\/1FAIpQLSfYIPDh6bwKNlzVjsU7Xt2WKl2zB7TDxzRmz1K3zgixmFe50w\/viewform?usp=pp_url<\/a><\/p>\n\n\n\n<p><\/p>\n\n\n\n<p><\/p>\n","protected":false},"excerpt":{"rendered":"<p>Nos dias 26 e 27 de maio, acontecer\u00e1 o Congresso Associacional. Tema: Igreja Saud\u00e1vel, corpo que cresce em quantidade e qualidade. Oradores: Pr. Denis Gomes (PIB Cod\u00f3) e Pr. Jaison Oliveira (PIB Cod\u00f3) Local: Igreja Batista Gets\u00eamani Hor\u00e1rios: 26, sexta \u00e0s 19 h e s\u00e1bado \u00e0s 08:00 INSCRI\u00c7\u00d5ES PELO LINK : https:\/\/docs.google.com\/forms\/d\/e\/1FAIpQLSfYIPDh6bwKNlzVjsU7Xt2WKl2zB7TDxzRmz1K3zgixmFe50w\/viewform?usp=pp_url<\/p>\n","protected":false},"author":4,"featured_media":3836,"comment_status":"open","ping_status":"open","sticky":false,"template":"","format":"standard","meta":{"_themeisle_gutenberg_block_has_review":false,"footnotes":""},"categories":[8],"tags":[],"class_list":{"0":"post-3835","1":"post","2":"type-post","3":"status-publish","4":"format-standard","5":"has-post-thumbnail","7":"category-noticias"},"_links":{"self":[{"href":"https:\/\/batista-ma.org.br\/index.php?rest_route=\/wp\/v2\/posts\/3835"}],"collection":[{"href":"https:\/\/batista-ma.org.br\/index.php?rest_route=\/wp\/v2\/posts"}],"about":[{"href":"https:\/\/batista-ma.org.br\/index.php?rest_route=\/wp\/v2\/types\/post"}],"author":[{"embeddable":true,"href":"https:\/\/batista-ma.org.br\/index.php?rest_route=\/wp\/v2\/users\/4"}],"replies":[{"embeddable":true,"href":"https:\/\/batista-ma.org.br\/index.php?rest_route=%2Fwp%2Fv2%2Fcomments&post=3835"}],"version-history":[{"count":3,"href":"https:\/\/batista-ma.org.br\/index.php?rest_route=\/wp\/v2\/posts\/3835\/revisions"}],"predecessor-version":[{"id":3841,"href":"https:\/\/batista-ma.org.br\/index.php?rest_route=\/wp\/v2\/posts\/3835\/revisions\/3841"}],"wp:featuredmedia":[{"embeddable":true,"href":"https:\/\/batista-ma.org.br\/index.php?rest_route=\/wp\/v2\/media\/3836"}],"wp:attachment":[{"href":"https:\/\/batista-ma.org.br\/index.php?rest_route=%2Fwp%2Fv2%2Fmedia&parent=3835"}],"wp:term":[{"taxonomy":"category","embeddable":true,"href":"https:\/\/batista-ma.org.br\/index.php?rest_route=%2Fwp%2Fv2%2Fcategories&post=3835"},{"taxonomy":"post_tag","embeddable":true,"href":"https:\/\/batista-ma.org.br\/index.php?rest_route=%2Fwp%2Fv2%2Ftags&post=3835"}],"curies":[{"name":"wp","href":"https:\/\/api.w.org\/{rel}","templated":true}]}}