{"id":3828,"date":"2023-05-19T16:05:23","date_gmt":"2023-05-19T19:05:23","guid":{"rendered":"https:\/\/batista-ma.org.br\/?p=3828"},"modified":"2023-05-20T09:06:03","modified_gmt":"2023-05-20T12:06:03","slug":"19a-assembleia-da-associacao-batista-metropolitana","status":"publish","type":"post","link":"https:\/\/batista-ma.org.br\/?p=3828","title":{"rendered":"19\u00aa Assembleia da Associa\u00e7\u00e3o Batista Metropolitana"},"content":{"rendered":"\n<p>Nos dias 2 e 3 de Junho, acontecer\u00e1 a 19\u00aa Assembleia da Associa\u00e7\u00e3o Batista Metropolitana.<br>Tema: Cooperando para proclama\u00e7\u00e3o da verdade.<br>Oradores: Pr. Hugo Zica e Pr. Fernando C\u00e9sar.<br>Inscri\u00e7\u00f5es gratuitas pelo Link: <a href=\"https:\/\/forms.gle\/iGgBYvLLLw4MoYw69\">https:\/\/forms.gle\/NGXn7kSDn6ieNNka8<\/a><\/p>\n\n\n\n<p>LOCAL: IGREJA BATISTA MONTE SINAI<\/p>\n\n\n\n<p>HOR\u00c1RIO DAS ATIVIDADES: SEXTA 19:00 S\u00c1BADO 08:00<\/p>\n","protected":false},"excerpt":{"rendered":"<p>Nos dias 2 e 3 de Junho, acontecer\u00e1 a 19\u00aa Assembleia da Associa\u00e7\u00e3o Batista Metropolitana.Tema: Cooperando para proclama\u00e7\u00e3o da verdade.Oradores: Pr. Hugo Zica e Pr. Fernando C\u00e9sar.Inscri\u00e7\u00f5es gratuitas pelo Link: https:\/\/forms.gle\/NGXn7kSDn6ieNNka8 LOCAL: IGREJA BATISTA MONTE SINAI HOR\u00c1RIO DAS ATIVIDADES: SEXTA 19:00 S\u00c1BADO 08:00<\/p>\n","protected":false},"author":4,"featured_media":3829,"comment_status":"open","ping_status":"open","sticky":false,"template":"","format":"standard","meta":{"_themeisle_gutenberg_block_has_review":false,"footnotes":""},"categories":[8],"tags":[],"class_list":{"0":"post-3828","1":"post","2":"type-post","3":"status-publish","4":"format-standard","5":"has-post-thumbnail","7":"category-noticias"},"_links":{"self":[{"href":"https:\/\/batista-ma.org.br\/index.php?rest_route=\/wp\/v2\/posts\/3828"}],"collection":[{"href":"https:\/\/batista-ma.org.br\/index.php?rest_route=\/wp\/v2\/posts"}],"about":[{"href":"https:\/\/batista-ma.org.br\/index.php?rest_route=\/wp\/v2\/types\/post"}],"author":[{"embeddable":true,"href":"https:\/\/batista-ma.org.br\/index.php?rest_route=\/wp\/v2\/users\/4"}],"replies":[{"embeddable":true,"href":"https:\/\/batista-ma.org.br\/index.php?rest_route=%2Fwp%2Fv2%2Fcomments&post=3828"}],"version-history":[{"count":2,"href":"https:\/\/batista-ma.org.br\/index.php?rest_route=\/wp\/v2\/posts\/3828\/revisions"}],"predecessor-version":[{"id":3843,"href":"https:\/\/batista-ma.org.br\/index.php?rest_route=\/wp\/v2\/posts\/3828\/revisions\/3843"}],"wp:featuredmedia":[{"embeddable":true,"href":"https:\/\/batista-ma.org.br\/index.php?rest_route=\/wp\/v2\/media\/3829"}],"wp:attachment":[{"href":"https:\/\/batista-ma.org.br\/index.php?rest_route=%2Fwp%2Fv2%2Fmedia&parent=3828"}],"wp:term":[{"taxonomy":"category","embeddable":true,"href":"https:\/\/batista-ma.org.br\/index.php?rest_route=%2Fwp%2Fv2%2Fcategories&post=3828"},{"taxonomy":"post_tag","embeddable":true,"href":"https:\/\/batista-ma.org.br\/index.php?rest_route=%2Fwp%2Fv2%2Ftags&post=3828"}],"curies":[{"name":"wp","href":"https:\/\/api.w.org\/{rel}","templated":true}]}}