{"id":3762,"date":"2023-04-27T14:06:22","date_gmt":"2023-04-27T17:06:22","guid":{"rendered":"https:\/\/batista-ma.org.br\/?p=3762"},"modified":"2023-05-30T10:16:56","modified_gmt":"2023-05-30T13:16:56","slug":"munami-2023","status":"publish","type":"post","link":"https:\/\/batista-ma.org.br\/?p=3762","title":{"rendered":"MUNAMI 2023"},"content":{"rendered":"\n<p>Lideran\u00e7as do Maranh\u00e3o juntamente com o Pr. Nivaldino &#8211; Coordenador nacional do MUNAMI, e o irm\u00e3o Jairo Peixoto &#8211; Coordenador da SNHB. Ambos estiveram visitando a cidade de Tut\u00f3ia onde acontecer\u00e1\u00a0o\u00a0MUNAMI\u00a02023!<\/p>\n","protected":false},"excerpt":{"rendered":"<p>Lideran\u00e7as do Maranh\u00e3o juntamente com o Pr. Nivaldino &#8211; Coordenador nacional do MUNAMI, e o irm\u00e3o Jairo Peixoto &#8211; Coordenador da SNHB. Ambos estiveram visitando a cidade de Tut\u00f3ia onde acontecer\u00e1\u00a0o\u00a0MUNAMI\u00a02023!<\/p>\n","protected":false},"author":4,"featured_media":3763,"comment_status":"open","ping_status":"open","sticky":false,"template":"","format":"standard","meta":{"_themeisle_gutenberg_block_has_review":false,"footnotes":""},"categories":[8,6],"tags":[],"class_list":{"0":"post-3762","1":"post","2":"type-post","3":"status-publish","4":"format-standard","5":"has-post-thumbnail","7":"category-noticias","8":"category-organizacoes"},"_links":{"self":[{"href":"https:\/\/batista-ma.org.br\/index.php?rest_route=\/wp\/v2\/posts\/3762"}],"collection":[{"href":"https:\/\/batista-ma.org.br\/index.php?rest_route=\/wp\/v2\/posts"}],"about":[{"href":"https:\/\/batista-ma.org.br\/index.php?rest_route=\/wp\/v2\/types\/post"}],"author":[{"embeddable":true,"href":"https:\/\/batista-ma.org.br\/index.php?rest_route=\/wp\/v2\/users\/4"}],"replies":[{"embeddable":true,"href":"https:\/\/batista-ma.org.br\/index.php?rest_route=%2Fwp%2Fv2%2Fcomments&post=3762"}],"version-history":[{"count":3,"href":"https:\/\/batista-ma.org.br\/index.php?rest_route=\/wp\/v2\/posts\/3762\/revisions"}],"predecessor-version":[{"id":3883,"href":"https:\/\/batista-ma.org.br\/index.php?rest_route=\/wp\/v2\/posts\/3762\/revisions\/3883"}],"wp:featuredmedia":[{"embeddable":true,"href":"https:\/\/batista-ma.org.br\/index.php?rest_route=\/wp\/v2\/media\/3763"}],"wp:attachment":[{"href":"https:\/\/batista-ma.org.br\/index.php?rest_route=%2Fwp%2Fv2%2Fmedia&parent=3762"}],"wp:term":[{"taxonomy":"category","embeddable":true,"href":"https:\/\/batista-ma.org.br\/index.php?rest_route=%2Fwp%2Fv2%2Fcategories&post=3762"},{"taxonomy":"post_tag","embeddable":true,"href":"https:\/\/batista-ma.org.br\/index.php?rest_route=%2Fwp%2Fv2%2Ftags&post=3762"}],"curies":[{"name":"wp","href":"https:\/\/api.w.org\/{rel}","templated":true}]}}