{"id":3466,"date":"2023-03-02T12:35:08","date_gmt":"2023-03-02T15:35:08","guid":{"rendered":"http:\/\/batista-ma.org.br\/?p=3466"},"modified":"2023-03-15T09:37:48","modified_gmt":"2023-03-15T12:37:48","slug":"visita-do-secretario-executivo-da-cbm-a-obra-em-santa-rosa-do-jardim","status":"publish","type":"post","link":"https:\/\/batista-ma.org.br\/?p=3466","title":{"rendered":"Visita do Secret\u00e1rio Executivo da CBM \u00e0 obra em Santa Rosa do Jardim"},"content":{"rendered":"\n<figure class=\"wp-block-image size-large\"><img loading=\"lazy\" decoding=\"async\" width=\"1024\" height=\"768\" src=\"https:\/\/batista-ma.org.br\/wp-content\/uploads\/2023\/03\/helben-construcao2-1024x768.jpg\" alt=\"\" class=\"wp-image-3469\" srcset=\"https:\/\/batista-ma.org.br\/wp-content\/uploads\/2023\/03\/helben-construcao2.jpg 1024w, https:\/\/batista-ma.org.br\/wp-content\/uploads\/2023\/03\/helben-construcao2-300x225.jpg 300w, https:\/\/batista-ma.org.br\/wp-content\/uploads\/2023\/03\/helben-construcao2-768x576.jpg 768w, https:\/\/batista-ma.org.br\/wp-content\/uploads\/2023\/03\/helben-construcao2-80x60.jpg 80w, https:\/\/batista-ma.org.br\/wp-content\/uploads\/2023\/03\/helben-construcao2-265x198.jpg 265w, https:\/\/batista-ma.org.br\/wp-content\/uploads\/2023\/03\/helben-construcao2-696x522.jpg 696w, https:\/\/batista-ma.org.br\/wp-content\/uploads\/2023\/03\/helben-construcao2-560x420.jpg 560w\" sizes=\"(max-width: 1024px) 100vw, 1024px\" \/><figcaption class=\"wp-element-caption\">Visita \u00e0 obra no povoado de Santa Rosa do Jardim, munic\u00edpio de Tut\u00f3ia<\/figcaption><\/figure>\n\n\n<p><\/p>\n<p>&nbsp;Visita \u00e0 obra no povoado de Santa Rosa do Jardim, munic\u00edpio de Tut\u00f3ia[\/caption]<\/p>\n<p><img loading=\"lazy\" decoding=\"async\" class=\"alignnone wp-image-3409 size-medium\" src=\"https:\/\/batista-ma.org.br\/wp-content\/uploads\/2021\/07\/missoes_2022_m-300x203.jpg\" alt=\"\" width=\"300\" height=\"203\" srcset=\"https:\/\/batista-ma.org.br\/wp-content\/uploads\/2021\/07\/missoes_2022_m-300x203.jpg 300w, https:\/\/batista-ma.org.br\/wp-content\/uploads\/2021\/07\/missoes_2022_m.jpg 600w\" sizes=\"(max-width: 300px) 100vw, 300px\" \/><\/p>","protected":false},"excerpt":{"rendered":"<p>&nbsp;Visita \u00e0 obra no povoado de Santa Rosa do Jardim, munic\u00edpio de Tut\u00f3ia[\/caption]<\/p>\n","protected":false},"author":4,"featured_media":3469,"comment_status":"open","ping_status":"open","sticky":false,"template":"","format":"standard","meta":{"_themeisle_gutenberg_block_has_review":false,"footnotes":""},"categories":[8],"tags":[],"class_list":{"0":"post-3466","1":"post","2":"type-post","3":"status-publish","4":"format-standard","5":"has-post-thumbnail","7":"category-noticias"},"_links":{"self":[{"href":"https:\/\/batista-ma.org.br\/index.php?rest_route=\/wp\/v2\/posts\/3466"}],"collection":[{"href":"https:\/\/batista-ma.org.br\/index.php?rest_route=\/wp\/v2\/posts"}],"about":[{"href":"https:\/\/batista-ma.org.br\/index.php?rest_route=\/wp\/v2\/types\/post"}],"author":[{"embeddable":true,"href":"https:\/\/batista-ma.org.br\/index.php?rest_route=\/wp\/v2\/users\/4"}],"replies":[{"embeddable":true,"href":"https:\/\/batista-ma.org.br\/index.php?rest_route=%2Fwp%2Fv2%2Fcomments&post=3466"}],"version-history":[{"count":4,"href":"https:\/\/batista-ma.org.br\/index.php?rest_route=\/wp\/v2\/posts\/3466\/revisions"}],"predecessor-version":[{"id":3534,"href":"https:\/\/batista-ma.org.br\/index.php?rest_route=\/wp\/v2\/posts\/3466\/revisions\/3534"}],"wp:featuredmedia":[{"embeddable":true,"href":"https:\/\/batista-ma.org.br\/index.php?rest_route=\/wp\/v2\/media\/3469"}],"wp:attachment":[{"href":"https:\/\/batista-ma.org.br\/index.php?rest_route=%2Fwp%2Fv2%2Fmedia&parent=3466"}],"wp:term":[{"taxonomy":"category","embeddable":true,"href":"https:\/\/batista-ma.org.br\/index.php?rest_route=%2Fwp%2Fv2%2Fcategories&post=3466"},{"taxonomy":"post_tag","embeddable":true,"href":"https:\/\/batista-ma.org.br\/index.php?rest_route=%2Fwp%2Fv2%2Ftags&post=3466"}],"curies":[{"name":"wp","href":"https:\/\/api.w.org\/{rel}","templated":true}]}}