{"id":3434,"date":"2022-07-27T12:19:17","date_gmt":"2022-07-27T15:19:17","guid":{"rendered":"http:\/\/batista-ma.org.br\/?p=3434"},"modified":"2023-03-07T09:37:35","modified_gmt":"2023-03-07T12:37:35","slug":"atividades-do-2o-semestre-de-2022","status":"publish","type":"post","link":"https:\/\/batista-ma.org.br\/?p=3434","title":{"rendered":"CALEND\u00c1RIO DE ATIVIDADES 2023"},"content":{"rendered":"<p style=\"text-align: center;\"><strong>CONVEN\u00c7\u00c3O BATISTA MARANHENSE &#8211; CBM<\/strong><br \/>\n<strong>CALEND\u00c1RIO DE ATIVIDADES 2023<\/strong><\/p>\n<p style=\"text-align: left;\">\n<strong>2023 &#8211; JUBILEU DE DIAMANTE DOS EMBAIXADORES DO REI<\/strong><br \/>\n<strong>Tema:<\/strong> Proclamemos a verdade ao mundo.<\/p>\n<p style=\"text-align: left;\"><strong>Divisa:<\/strong> \u201cProcura apresentar-te a Deus aprovado, como obreiro que n\u00e3o tem de que se<br \/>\nenvergonhar, que maneja bem a palavra da verdade\u201d. (II Tm 2.15). Hino Oficial: 449 CC \u201cOusados proclamai\u201d.<\/p>\n<p style=\"text-align: left;\"><strong>JANEIRO \u2013 M\u00eas da Conven\u00e7\u00e3o Batista Brasileira &#8211; CBB<\/strong><br \/>\n01 \u2013 Dia da Confraterniza\u00e7\u00e3o Universal<br \/>\n10 \u2013 Dia do Anivers\u00e1rio de O Jornal Batista<br \/>\n16 a 18 \u2013 Reuni\u00f5es Organiza\u00e7\u00f5es da CBB: OPBB, UFMBB, UMHBB, etc. 19 a 21 \u2013 102\u00aa Assembleia da Conven\u00e7\u00e3o Batista Brasileira, Recife \u2013 PE<br \/>\n23 a 27 \u2013 Cursos de Extens\u00e3o STBSL<\/p>\n<p style=\"text-align: left;\">\n<strong>FEVEREIRO \u2013 M\u00eas da Alian\u00e7a Batista Mundial<\/strong><br \/>\n04 \u2013 Encontro de Coordenadoras Associacionais, polos e Igrejas locais, UFMBMA<br \/>\n05 \u2013 Dia da Alian\u00e7a Batista Mundial \u2013 1\u00b0 Domingo do M\u00eas<br \/>\n06 \u2013 Capela de Abertura do ano 2023 &#8211; STBSL<br \/>\n07 e 08 \u2013 Reuni\u00e3o do Conselho Geral da CBM &#8211; S\u00e3o Lu\u00eds<br \/>\n11 \u2013 Anivers\u00e1rio do Col\u00e9gio Batista Daniel de La Touche<br \/>\n14 \u2013 Dia Nacional do Conselheiro de Embaixador do Rei<br \/>\n18 a 21 \u2013 Retiro das Igrejas no per\u00edodo do Carnaval<br \/>\n26 \u2013 Anivers\u00e1rio do S\u00edtio do Sossego<\/p>\n<p style=\"text-align: left;\"><strong>MAR\u00c7O \u2013 M\u00eas de Miss\u00f5es Mundiais<\/strong><br \/>\n05 \u2013 Dia da Esposa do Pastor \u2013 1\u00ba Domingo do M\u00eas<br \/>\n05 \u2013 Retiro de pastores &#8211; Associa\u00e7\u00e3o dos Cocais<br \/>\n06 \u2013 Dia de Ora\u00e7\u00e3o pelos Filhos de Pastores \u2013 1\u00aa Segunda-feira do m\u00eas<br \/>\n08 \u2013 Dia Internacional da Mulher<br \/>\n09 \u2013 Anivers\u00e1rio do STBSL<br \/>\n09 a 11 Simp\u00f3sio da UFM e da UMHB, Associa\u00e7\u00e3o do Munim<br \/>\n10 e 11 \u2013 43\u00aa Assembleia da Associa\u00e7\u00e3o da Baixada, PIB em Cururupu<br \/>\n11 \u2013 Retiro de Pastores &#8211; Associa\u00e7\u00e3o Len\u00e7\u00f3is Maranhenses<br \/>\n12 \u2013 Dia de Miss\u00f5es Mundiais \u2013 2\u00ba Domingo do M\u00eas<br \/>\n24 e 25 Congresso da AIBGSL<\/p>\n<p style=\"text-align: left;\">\n<strong>ABRIL \u2013 M\u00eas da Escola B\u00edblica Dominical<\/strong><br \/>\n06 a 09 \u2013 Confer\u00eancia de lideran\u00e7a JUBAMA<br \/>\n07 e 08 \u2013 Assembleia da Associa\u00e7\u00e3o do Alto Turi<br \/>\n07 a 09 \u2013 CONJUBAIXADA &#8211; Congresso de Jovens da Baixada<br \/>\n09 \u2013 P\u00e1scoa &#8211; Ressurrei\u00e7\u00e3o de Jesus<br \/>\n15 &#8211; Curso de Homil\u00e9tica &#8211; Associa\u00e7\u00e3o Vale do Munim<br \/>\n14 &#8211; Assembleia Associa\u00e7\u00e3o Vale do Pindar\u00e9<br \/>\n20 a 22 \u2013 Congresso da UFMBALEM &#8211; Associa\u00e7\u00e3o Len\u00e7\u00f3is Maranhenses<br \/>\n21 e 22 \u2013 Assembleia da Associa\u00e7\u00e3o dos Cocais<br \/>\n22 \u2013 Dia Mundial de Ora\u00e7\u00e3o e Testemunho do Homem Batista<br \/>\n23 \u2013 Dia da Escola B\u00edblica Dominical \u2013 4\u00ba Domingo do M\u00eas<br \/>\n25 a 27 \u2013 Semana Teol\u00f3gica &#8211; STBSL<br \/>\n30 \u2013 Dia Nacional da Mulher<\/p>\n<p style=\"text-align: left;\">\n<strong>MAIO \u2013 M\u00eas da Fam\u00edlia<\/strong><br \/>\n01 \u2013 Dia de Ora\u00e7\u00e3o e Testemunho \u2013 UFMBMA. 06 \u2013 Caf\u00e9 com pastores e l\u00edderes &#8211; Associa\u00e7\u00e3o Grande S\u00e3o Lu\u00eds (AIBGSL)<br \/>\n07 \u2013 Dia Batista de A\u00e7\u00e3o Social \u2013 1\u00ba Domingo do M\u00eas<br \/>\n07 \u2013 Abertura do Projeto Fam\u00edlia Solid\u00e1ria<br \/>\n11 \u2013 Capela da Fam\u00edlia &#8211; STBSL<br \/>\n12 e 13 \u2013 Congresso da Associa\u00e7\u00e3o Grande S\u00e3o Lu\u00eds (AIBGSL)<br \/>\n14 \u2013 Dia das M\u00e3es \u2013 2\u00ba Domingo do M\u00eas<br \/>\n15 &#8211; Reuni\u00e3o do Conselho do Col\u00e9gio Batista Daniel de La Touche<br \/>\n16 e 17 \u2013 Reuni\u00e3o do Conselho Geral da CBM<br \/>\n18 a 20 Congresso da UFM da Associa\u00e7\u00e3o do Munim<br \/>\n28 \u2013 Dia da Comunica\u00e7\u00e3o Batista \u2013 4\u00ba Domingo do M\u00eas<br \/>\n29 a 30 &#8211; Congresso Missiol\u00f3gico &#8211; ABIBET<\/p>\n<p style=\"text-align: left;\">\n<strong>JUNHO \u2013 M\u00eas do Pastor e de Miss\u00f5es Estaduais<\/strong><br \/>\n02 \u2013 Dia Internacional de Ora\u00e7\u00e3o pelas Crian\u00e7as em Crise<br \/>\n03 \u2013 Assembleia da Associa\u00e7\u00e3o Metropolitana<br \/>\n04 \u2013 Dia do Homem Batista e da campanha de Miss\u00f5es Estaduais \u2013 1\u00ba Domingo do M\u00eas<br \/>\n09 e 11 \u2013 Assembleia da Associa\u00e7\u00e3o Batista Len\u00e7\u00f3is Maranhenses (ABALEM)<br \/>\n11 \u2013 Dia do Pastor \u2013 2\u00ba Domingo do M\u00eas<br \/>\n17 \u2013 33\u00ba Anivers\u00e1rio da ABALEM<br \/>\n22 \u2013 116 Anos da Conven\u00e7\u00e3o Batista Brasileira<br \/>\n23 \u2013 Dia de Educa\u00e7\u00e3o Crist\u00e3 Mission\u00e1ria \u2013 Anivers\u00e1rio da UFMBB<br \/>\n25 \u2013 116 anos da Junta de Miss\u00f5es Nacionais<br \/>\n26 \u2013 Dia do Mission\u00e1rio Batista<br \/>\n27 \u2013 Capela Encerramento Semestre &#8211; STBSL<br \/>\n27 \u2013 116 anos da Junta de Miss\u00f5es Mundiais<\/p>\n<p style=\"text-align: left;\">\n<strong>JULHO \u2013 M\u00eas das F\u00e9rias e da Conven\u00e7\u00e3o Batista Maranhense<\/strong><br \/>\n01 \u2013 Confra das Igrejas &#8211; Associa\u00e7\u00e3o Grande S\u00e3o Lu\u00eds (AIBGSL)<br \/>\n03 a 07 \u2013 Cursos de Extens\u00e3o &#8211; STBSL<br \/>\n07 a 09 \u2013 Viagem Mission\u00e1ria da UFMBMA<br \/>\n09 a 16 \u2013 Opera\u00e7\u00e3o TRANSTURI &#8211; Associa\u00e7\u00e3o do Alto Turi<br \/>\n12 a 15 Despertar &#8211; Juventude Batista Brasileira<br \/>\n14 e 15 \u2013 Opera\u00e7\u00e3o Jesus Transforma &#8211; Associa\u00e7\u00e3o da Baixada<br \/>\n16 \u2013 Dia de O Jornal Batista \u2013 3\u00ba Domingo do M\u00eas<br \/>\n16 \u2013 Culto de Dedica\u00e7\u00e3o da Oferta Especial do SIM nas Igrejas<br \/>\n27 a 29 &#8211; Assembleia da Conven\u00e7\u00e3o Batista Maranhense<\/p>\n<p style=\"text-align: left;\">\n<strong>AGOSTO \u2013 M\u00eas da Juventude e do Adolescente<\/strong><br \/>\n06 \u2013 Dia do Adolescente Batista \u2013 1\u00ba Domingo do M\u00eas<br \/>\n07 \u2013 Capela Abertura Semestre &#8211; STBSL<br \/>\n13 \u2013 Dia dos Pais \u2013 2\u00ba Domingo do M\u00eas<br \/>\n15 e 16 \u2013 Reuni\u00e3o do Conselho Geral da CBM<br \/>\n19 e 20 IV Olimp\u00edadas da JUBALEM &#8211; Len\u00e7\u00f3is Maranhenses<br \/>\n20 \u2013 Dia do Jovem Batista \u2013 3\u00ba Domingo do M\u00eas<br \/>\n25 \u2013 Dia Nacional do Embaixador do Rei \u2013 75\u00ba Anivers\u00e1rio (1948-2023)<\/p>\n<p style=\"text-align: left;\">\n<strong>SETEMBRO \u2013 M\u00eas de Miss\u00f5es Nacionais<\/strong><br \/>\n09 e 10 &#8211; V Encontro da UMHBALEM &#8211; Len\u00e7\u00f3is Maranhenses<br \/>\n10 \u2013 Dia do In\u00edcio do Trabalho Batista no Brasil em Santa Barbara d\u2019Oeste (152 Anos)<br \/>\n10 \u2013 Dia de Miss\u00f5es Nacionais \u2013 2\u00ba Domingo do M\u00eas<br \/>\n15 \u2013 Capela dos ex-seminaristas e seminaristas &#8211; STBSL<br \/>\n23 e 24 Confra Homens &#8211; Associa\u00e7\u00e3o dos Cocais<\/p>\n<p style=\"text-align: left;\">\n<strong>OUTUBRO \u2013 M\u00eas das Crian\u00e7as e dos Batistas Brasileiros<\/strong><br \/>\n01 a 15 &#8211; Mutir\u00e3o Nacional Mission\u00e1rio &#8211; MUNAMI &#8211; UMHBB &#8211; Jardim, Tut\u00f3ia, MA<br \/>\n03 a 05 \u2013 Semana Teol\u00f3gica &#8211; STBSL<br \/>\n08 \u2013 Dia da Crian\u00e7a Batista \u2013 2\u00ba Domingo do M\u00eas<br \/>\n12 \u2013 Dia Batista de Evangelismo Pessoal<br \/>\n15 \u2013 Dia Batista do Brasil<br \/>\n15 \u2013 Dia do Educador Crist\u00e3o \u2013 3\u00b0 Domingo do M\u00eas<br \/>\n19 a 22 \u2013 Congresso de Miss\u00f5es Estaduais &#8211; CBM<br \/>\n22 \u2013 Dia do Plano Cooperativo \u2013 4\u00ba Domingo do M\u00eas<br \/>\n22 \u2013 Dia Municipal dos Embaixadores do Rei (S\u00e3o Lu\u00eds &#8211; MA)<br \/>\n22 \u2013 Anivers\u00e1rio dos Embaixadores do Rei no Maranh\u00e3o. 28 \u2013 89 Anos da Conven\u00e7\u00e3o Batista Maranhense<br \/>\n31 \u2013 Dia da Reforma Protestante<\/p>\n<p style=\"text-align: left;\">\n<strong>NOVEMBRO \u2013 M\u00eas da Educa\u00e7\u00e3o Teol\u00f3gica<\/strong><br \/>\n04 e 05 &#8211; Confra Mulher &#8211; Associa\u00e7\u00e3o dos Cocais<br \/>\n06 \u2013 Dia Batista de Ora\u00e7\u00e3o Mundial \u2013 1\u00aa Segunda-Feira do M\u00eas<br \/>\n07 e 08 \u2013 Reuni\u00e3o do Conselho Geral da CBM<br \/>\n10 e 11 &#8211; Congresso Estadual de Di\u00e1conos &#8211; ADBAMA<br \/>\n11 \u2013 II Capacita\u00e7\u00e3o para Igrejas &#8211; Associa\u00e7\u00e3o Grande S\u00e3o Lu\u00eds (AIBGSL)<br \/>\n12 \u2013 Dia do Di\u00e1cono Batista \u2013 2\u00ba Domingo do M\u00eas<br \/>\n19 \u2013 Dia da Educa\u00e7\u00e3o Teol\u00f3gica \u2013 3\u00ba Domingo do M\u00eas<br \/>\n20 a 22 \u2013 Congressos das Organiza\u00e7\u00f5es &#8211; Associa\u00e7\u00e3o da Baixada<br \/>\n30 \u2013 Dia Nacional de A\u00e7\u00e3o de Gra\u00e7as \u2013 \u00daltima 5\u00aa Quinta-Feira do m\u00eas<br \/>\n27 \u2013 Dia do Ministro de M\u00fasica Batista \u2013 4\u00ba Domingo do M\u00eas<br \/>\n30 \u2013 Dia do Te\u00f3logo<\/p>\n<p style=\"text-align: left;\">\n<strong>DEZEMBRO \u2013 M\u00eas da B\u00edblia<\/strong><br \/>\n01 \u2013 Formatura &#8211; STBSL<br \/>\n01 \u2013 Abertura do Projeto Natal Solid\u00e1rio &#8211; CBM<br \/>\n10 \u2013 Dia da B\u00edblia \u2013 2\u00ba Domingo do M\u00eas<br \/>\n23 \u2013 Encerramento do Projeto Natal Solid\u00e1rio &#8211; CBM<br \/>\n25 \u2013 Natal<br \/>\n31 \u2013 Ano Novo<\/p>\n","protected":false},"excerpt":{"rendered":"<p>CONVEN\u00c7\u00c3O BATISTA MARANHENSE &#8211; CBM CALEND\u00c1RIO DE ATIVIDADES 2023 2023 &#8211; JUBILEU DE DIAMANTE DOS EMBAIXADORES DO REI Tema: Proclamemos a verdade ao mundo. Divisa: \u201cProcura apresentar-te a Deus aprovado, como obreiro que n\u00e3o tem de que se envergonhar, que maneja bem a palavra da verdade\u201d. (II Tm 2.15). Hino Oficial: 449 CC \u201cOusados proclamai\u201d. [&hellip;]<\/p>\n","protected":false},"author":4,"featured_media":0,"comment_status":"open","ping_status":"open","sticky":false,"template":"","format":"standard","meta":{"_themeisle_gutenberg_block_has_review":false,"footnotes":""},"categories":[37],"tags":[],"class_list":{"0":"post-3434","1":"post","2":"type-post","3":"status-publish","4":"format-standard","6":"category-calendario"},"_links":{"self":[{"href":"https:\/\/batista-ma.org.br\/index.php?rest_route=\/wp\/v2\/posts\/3434"}],"collection":[{"href":"https:\/\/batista-ma.org.br\/index.php?rest_route=\/wp\/v2\/posts"}],"about":[{"href":"https:\/\/batista-ma.org.br\/index.php?rest_route=\/wp\/v2\/types\/post"}],"author":[{"embeddable":true,"href":"https:\/\/batista-ma.org.br\/index.php?rest_route=\/wp\/v2\/users\/4"}],"replies":[{"embeddable":true,"href":"https:\/\/batista-ma.org.br\/index.php?rest_route=%2Fwp%2Fv2%2Fcomments&post=3434"}],"version-history":[{"count":7,"href":"https:\/\/batista-ma.org.br\/index.php?rest_route=\/wp\/v2\/posts\/3434\/revisions"}],"predecessor-version":[{"id":3461,"href":"https:\/\/batista-ma.org.br\/index.php?rest_route=\/wp\/v2\/posts\/3434\/revisions\/3461"}],"wp:attachment":[{"href":"https:\/\/batista-ma.org.br\/index.php?rest_route=%2Fwp%2Fv2%2Fmedia&parent=3434"}],"wp:term":[{"taxonomy":"category","embeddable":true,"href":"https:\/\/batista-ma.org.br\/index.php?rest_route=%2Fwp%2Fv2%2Fcategories&post=3434"},{"taxonomy":"post_tag","embeddable":true,"href":"https:\/\/batista-ma.org.br\/index.php?rest_route=%2Fwp%2Fv2%2Ftags&post=3434"}],"curies":[{"name":"wp","href":"https:\/\/api.w.org\/{rel}","templated":true}]}}