{"id":3373,"date":"2021-02-19T19:09:12","date_gmt":"2021-02-19T22:09:12","guid":{"rendered":"http:\/\/batista-ma.org.br\/?p=3373"},"modified":"2021-02-19T19:09:12","modified_gmt":"2021-02-19T22:09:12","slug":"64-anos-do-colegio-batista-daniel-de-la-touche","status":"publish","type":"post","link":"https:\/\/batista-ma.org.br\/?p=3373","title":{"rendered":"64 anos do Col\u00e9gio Batista Daniel de La Touche"},"content":{"rendered":"<p>Parabenizamos o Col\u00e9gio Batista Daniel de La Touche pelos seus 64 anos de exist\u00eancia, ofertando educa\u00e7\u00e3o de qualidade e excel\u00eancia, construindo saberes e conhecimentos; preparando vidas e formando cidad\u00e3os!<br \/>\nNa releitura da hist\u00f3ria do Col\u00e9gio, \u00e9 poss\u00edvel constatar a a\u00e7\u00e3o de Deus que agiu atrav\u00e9s de v\u00e1rias pessoas abnegadas que passaram pela festejada institui\u00e7\u00e3o, que imprimiram algo de si mesmas nas p\u00e1ginas do Col\u00e9gio Batista Daniel de La Touche. Quanta dedica\u00e7\u00e3o, quanto sacrif\u00edcio e quanto amor; quanto bem semeado, quantas vidas aben\u00e7oadas que vem florescendo e dando frutos para a sociedade ludovincense.<\/p>\n<p>Nesta data t\u00e3o festiva unimo-nos em ora\u00e7\u00e3o rogando a Deus que guarde e proteja os alunos, professores, funcion\u00e1rios, diretoria e o Conselho Deliberativo, derramando ben\u00e7\u00e3os sobre suas vidas!<br \/>\nNossas homenagens!<\/p>\n<p>Aquiles Silva Valente, presidente da CBMA.<\/p>\n","protected":false},"excerpt":{"rendered":"<p>Parabenizamos o Col\u00e9gio Batista Daniel de La Touche pelos seus 64 anos de exist\u00eancia, ofertando educa\u00e7\u00e3o de qualidade e excel\u00eancia, construindo saberes e conhecimentos; preparando vidas e formando cidad\u00e3os! Na releitura da hist\u00f3ria do Col\u00e9gio, \u00e9 poss\u00edvel constatar a a\u00e7\u00e3o de Deus que agiu atrav\u00e9s de v\u00e1rias pessoas abnegadas que passaram pela festejada institui\u00e7\u00e3o, que [&hellip;]<\/p>\n","protected":false},"author":4,"featured_media":3374,"comment_status":"open","ping_status":"open","sticky":false,"template":"","format":"standard","meta":{"_themeisle_gutenberg_block_has_review":false,"footnotes":""},"categories":[8],"tags":[],"class_list":{"0":"post-3373","1":"post","2":"type-post","3":"status-publish","4":"format-standard","5":"has-post-thumbnail","7":"category-noticias"},"_links":{"self":[{"href":"https:\/\/batista-ma.org.br\/index.php?rest_route=\/wp\/v2\/posts\/3373"}],"collection":[{"href":"https:\/\/batista-ma.org.br\/index.php?rest_route=\/wp\/v2\/posts"}],"about":[{"href":"https:\/\/batista-ma.org.br\/index.php?rest_route=\/wp\/v2\/types\/post"}],"author":[{"embeddable":true,"href":"https:\/\/batista-ma.org.br\/index.php?rest_route=\/wp\/v2\/users\/4"}],"replies":[{"embeddable":true,"href":"https:\/\/batista-ma.org.br\/index.php?rest_route=%2Fwp%2Fv2%2Fcomments&post=3373"}],"version-history":[{"count":1,"href":"https:\/\/batista-ma.org.br\/index.php?rest_route=\/wp\/v2\/posts\/3373\/revisions"}],"predecessor-version":[{"id":3375,"href":"https:\/\/batista-ma.org.br\/index.php?rest_route=\/wp\/v2\/posts\/3373\/revisions\/3375"}],"wp:featuredmedia":[{"embeddable":true,"href":"https:\/\/batista-ma.org.br\/index.php?rest_route=\/wp\/v2\/media\/3374"}],"wp:attachment":[{"href":"https:\/\/batista-ma.org.br\/index.php?rest_route=%2Fwp%2Fv2%2Fmedia&parent=3373"}],"wp:term":[{"taxonomy":"category","embeddable":true,"href":"https:\/\/batista-ma.org.br\/index.php?rest_route=%2Fwp%2Fv2%2Fcategories&post=3373"},{"taxonomy":"post_tag","embeddable":true,"href":"https:\/\/batista-ma.org.br\/index.php?rest_route=%2Fwp%2Fv2%2Ftags&post=3373"}],"curies":[{"name":"wp","href":"https:\/\/api.w.org\/{rel}","templated":true}]}}