{"id":3324,"date":"2021-01-20T13:47:09","date_gmt":"2021-01-20T16:47:09","guid":{"rendered":"http:\/\/batista-ma.org.br\/?p=3324"},"modified":"2021-01-20T13:47:09","modified_gmt":"2021-01-20T16:47:09","slug":"cbb-adia-101-assembleia-para-2022","status":"publish","type":"post","link":"https:\/\/batista-ma.org.br\/?p=3324","title":{"rendered":"CBB ADIA 101\u00b0 ASSEMBLEIA PARA 2022"},"content":{"rendered":"<div class=\"row\">\n<div class=\"col-md-12\"><\/div>\n<\/div>\n<div class=\"row\">\n<div class=\"col-md-12 conteudo\">\n<h4 align=\"justify\"><span style=\"font-size: medium;\"><span>O Conselho Geral da Conven\u00e7\u00e3o Batista Brasileira, em Assembleia Extraordin\u00e1ria, realizada 19 de janeiro, e conforme definido em seu Estatuto e Regimento Interno, decidiu, em virtude da crise sanit\u00e1ria vivida pelo mundo, e visando o cuidado com os nossos mensageiros, pelo adiamento da 101\u00aa Assembleia Geral Ordin\u00e1ria da Conven\u00e7\u00e3o Batista Brasileira, que seria realizada nos dias 21 a 25 do m\u00eas de abril de 2021, na cidade de Vit\u00f3ria &#8211; ES.<\/span><\/span><\/h4>\n<h4 align=\"justify\"><span style=\"font-size: medium;\"><span>A Assembleia foi transferida para o primeiro trimestre de 2022, em data e local a serem definidos por este Conselho. Desta forma, o mandato da Diretoria da Conven\u00e7\u00e3o e dos demais membros eleitos do Conselho fica prorrogado at\u00e9 a realiza\u00e7\u00e3o da 101\u00aa Assembleia Geral Ordin\u00e1ria.<\/span><\/span><\/h4>\n<h4 align=\"justify\"><span style=\"font-size: medium;\"><span>Rio de Janeiro, 19 de janeiro de 2021.<\/span><\/span><\/h4>\n<h4 align=\"justify\"><span style=\"font-size: medium;\"><span>Pr. Fausto Aguiar de Vasconcelos, presidente da Conven\u00e7\u00e3o Batista Brasileira<\/span><\/span><\/h4>\n<\/div>\n<\/div>\n","protected":false},"excerpt":{"rendered":"<p>O Conselho Geral da Conven\u00e7\u00e3o Batista Brasileira, em Assembleia Extraordin\u00e1ria, realizada 19 de janeiro, e conforme definido em seu Estatuto e Regimento Interno, decidiu, em virtude da crise sanit\u00e1ria vivida pelo mundo, e visando o cuidado com os nossos mensageiros, pelo adiamento da 101\u00aa Assembleia Geral Ordin\u00e1ria da Conven\u00e7\u00e3o Batista Brasileira, que seria realizada nos [&hellip;]<\/p>\n","protected":false},"author":4,"featured_media":3325,"comment_status":"open","ping_status":"open","sticky":false,"template":"","format":"standard","meta":{"_themeisle_gutenberg_block_has_review":false,"footnotes":""},"categories":[8],"tags":[],"class_list":{"0":"post-3324","1":"post","2":"type-post","3":"status-publish","4":"format-standard","5":"has-post-thumbnail","7":"category-noticias"},"_links":{"self":[{"href":"https:\/\/batista-ma.org.br\/index.php?rest_route=\/wp\/v2\/posts\/3324"}],"collection":[{"href":"https:\/\/batista-ma.org.br\/index.php?rest_route=\/wp\/v2\/posts"}],"about":[{"href":"https:\/\/batista-ma.org.br\/index.php?rest_route=\/wp\/v2\/types\/post"}],"author":[{"embeddable":true,"href":"https:\/\/batista-ma.org.br\/index.php?rest_route=\/wp\/v2\/users\/4"}],"replies":[{"embeddable":true,"href":"https:\/\/batista-ma.org.br\/index.php?rest_route=%2Fwp%2Fv2%2Fcomments&post=3324"}],"version-history":[{"count":2,"href":"https:\/\/batista-ma.org.br\/index.php?rest_route=\/wp\/v2\/posts\/3324\/revisions"}],"predecessor-version":[{"id":3327,"href":"https:\/\/batista-ma.org.br\/index.php?rest_route=\/wp\/v2\/posts\/3324\/revisions\/3327"}],"wp:featuredmedia":[{"embeddable":true,"href":"https:\/\/batista-ma.org.br\/index.php?rest_route=\/wp\/v2\/media\/3325"}],"wp:attachment":[{"href":"https:\/\/batista-ma.org.br\/index.php?rest_route=%2Fwp%2Fv2%2Fmedia&parent=3324"}],"wp:term":[{"taxonomy":"category","embeddable":true,"href":"https:\/\/batista-ma.org.br\/index.php?rest_route=%2Fwp%2Fv2%2Fcategories&post=3324"},{"taxonomy":"post_tag","embeddable":true,"href":"https:\/\/batista-ma.org.br\/index.php?rest_route=%2Fwp%2Fv2%2Ftags&post=3324"}],"curies":[{"name":"wp","href":"https:\/\/api.w.org\/{rel}","templated":true}]}}