{"id":3321,"date":"2021-01-20T13:37:45","date_gmt":"2021-01-20T16:37:45","guid":{"rendered":"http:\/\/batista-ma.org.br\/?p=3321"},"modified":"2021-01-20T13:37:45","modified_gmt":"2021-01-20T16:37:45","slug":"associacao-baixada-maranhense","status":"publish","type":"post","link":"https:\/\/batista-ma.org.br\/?p=3321","title":{"rendered":"ASSOCIA\u00c7\u00c3O BAIXADA MARANHENSE"},"content":{"rendered":"<p>Posse do pastor Jos\u00e9 Alencar Araujo no minist\u00e9rio pastoral da Primeira Igreja Batista em Cururupu.<\/p>\n","protected":false},"excerpt":{"rendered":"<p>Posse do pastor Jos\u00e9 Alencar Araujo no minist\u00e9rio pastoral da Primeira Igreja Batista em Cururupu.<\/p>\n","protected":false},"author":4,"featured_media":3296,"comment_status":"open","ping_status":"open","sticky":false,"template":"","format":"standard","meta":{"_themeisle_gutenberg_block_has_review":false,"footnotes":""},"categories":[56],"tags":[],"class_list":{"0":"post-3321","1":"post","2":"type-post","3":"status-publish","4":"format-standard","5":"has-post-thumbnail","7":"category-evento"},"_links":{"self":[{"href":"https:\/\/batista-ma.org.br\/index.php?rest_route=\/wp\/v2\/posts\/3321"}],"collection":[{"href":"https:\/\/batista-ma.org.br\/index.php?rest_route=\/wp\/v2\/posts"}],"about":[{"href":"https:\/\/batista-ma.org.br\/index.php?rest_route=\/wp\/v2\/types\/post"}],"author":[{"embeddable":true,"href":"https:\/\/batista-ma.org.br\/index.php?rest_route=\/wp\/v2\/users\/4"}],"replies":[{"embeddable":true,"href":"https:\/\/batista-ma.org.br\/index.php?rest_route=%2Fwp%2Fv2%2Fcomments&post=3321"}],"version-history":[{"count":2,"href":"https:\/\/batista-ma.org.br\/index.php?rest_route=\/wp\/v2\/posts\/3321\/revisions"}],"predecessor-version":[{"id":3323,"href":"https:\/\/batista-ma.org.br\/index.php?rest_route=\/wp\/v2\/posts\/3321\/revisions\/3323"}],"wp:featuredmedia":[{"embeddable":true,"href":"https:\/\/batista-ma.org.br\/index.php?rest_route=\/wp\/v2\/media\/3296"}],"wp:attachment":[{"href":"https:\/\/batista-ma.org.br\/index.php?rest_route=%2Fwp%2Fv2%2Fmedia&parent=3321"}],"wp:term":[{"taxonomy":"category","embeddable":true,"href":"https:\/\/batista-ma.org.br\/index.php?rest_route=%2Fwp%2Fv2%2Fcategories&post=3321"},{"taxonomy":"post_tag","embeddable":true,"href":"https:\/\/batista-ma.org.br\/index.php?rest_route=%2Fwp%2Fv2%2Ftags&post=3321"}],"curies":[{"name":"wp","href":"https:\/\/api.w.org\/{rel}","templated":true}]}}