{"id":3318,"date":"2021-01-20T13:31:24","date_gmt":"2021-01-20T16:31:24","guid":{"rendered":"http:\/\/batista-ma.org.br\/?p=3318"},"modified":"2021-01-20T13:31:24","modified_gmt":"2021-01-20T16:31:24","slug":"associacao-vale-do-munim-3","status":"publish","type":"post","link":"https:\/\/batista-ma.org.br\/?p=3318","title":{"rendered":"ASSOCIA\u00c7\u00c3O VALE DO MUNIM"},"content":{"rendered":"<p>&#8220;Porque todos sois filhos de Deus pela f\u00e9 em Cristo Jesus;\u00a0Porque todos quantos fostes batizados em Cristo j\u00e1 vos revestistes de Cristo.&#8221;<\/p>\n<p>Galatas 3: 26-27<\/p>\n<p>Batismo dos irm\u00e3os da Primeira Igreja Batista em Bacabeira.<\/p>\n","protected":false},"excerpt":{"rendered":"<p>&#8220;Porque todos sois filhos de Deus pela f\u00e9 em Cristo Jesus;\u00a0Porque todos quantos fostes batizados em Cristo j\u00e1 vos revestistes de Cristo.&#8221; Galatas 3: 26-27 Batismo dos irm\u00e3os da Primeira Igreja Batista em Bacabeira.<\/p>\n","protected":false},"author":4,"featured_media":3298,"comment_status":"open","ping_status":"open","sticky":false,"template":"","format":"standard","meta":{"_themeisle_gutenberg_block_has_review":false,"footnotes":""},"categories":[56],"tags":[],"class_list":{"0":"post-3318","1":"post","2":"type-post","3":"status-publish","4":"format-standard","5":"has-post-thumbnail","7":"category-evento"},"_links":{"self":[{"href":"https:\/\/batista-ma.org.br\/index.php?rest_route=\/wp\/v2\/posts\/3318"}],"collection":[{"href":"https:\/\/batista-ma.org.br\/index.php?rest_route=\/wp\/v2\/posts"}],"about":[{"href":"https:\/\/batista-ma.org.br\/index.php?rest_route=\/wp\/v2\/types\/post"}],"author":[{"embeddable":true,"href":"https:\/\/batista-ma.org.br\/index.php?rest_route=\/wp\/v2\/users\/4"}],"replies":[{"embeddable":true,"href":"https:\/\/batista-ma.org.br\/index.php?rest_route=%2Fwp%2Fv2%2Fcomments&post=3318"}],"version-history":[{"count":2,"href":"https:\/\/batista-ma.org.br\/index.php?rest_route=\/wp\/v2\/posts\/3318\/revisions"}],"predecessor-version":[{"id":3320,"href":"https:\/\/batista-ma.org.br\/index.php?rest_route=\/wp\/v2\/posts\/3318\/revisions\/3320"}],"wp:featuredmedia":[{"embeddable":true,"href":"https:\/\/batista-ma.org.br\/index.php?rest_route=\/wp\/v2\/media\/3298"}],"wp:attachment":[{"href":"https:\/\/batista-ma.org.br\/index.php?rest_route=%2Fwp%2Fv2%2Fmedia&parent=3318"}],"wp:term":[{"taxonomy":"category","embeddable":true,"href":"https:\/\/batista-ma.org.br\/index.php?rest_route=%2Fwp%2Fv2%2Fcategories&post=3318"},{"taxonomy":"post_tag","embeddable":true,"href":"https:\/\/batista-ma.org.br\/index.php?rest_route=%2Fwp%2Fv2%2Ftags&post=3318"}],"curies":[{"name":"wp","href":"https:\/\/api.w.org\/{rel}","templated":true}]}}