{"id":3305,"date":"2021-01-20T12:46:23","date_gmt":"2021-01-20T15:46:23","guid":{"rendered":"http:\/\/batista-ma.org.br\/?p=3305"},"modified":"2021-01-20T12:57:23","modified_gmt":"2021-01-20T15:57:23","slug":"associacao-vale-do-munim","status":"publish","type":"post","link":"https:\/\/batista-ma.org.br\/?p=3305","title":{"rendered":"ASSOCIA\u00c7\u00c3O VALE DO MUNIM"},"content":{"rendered":"<p>Culto de posse do evangelista Silvarlem Fraz\u00e3o Paz,na PIB em Cachoeira Grande.<\/p>\n<p><img loading=\"lazy\" decoding=\"async\" class=\"alignnone wp-image-3299\" src=\"https:\/\/batista-ma.org.br\/wp-content\/uploads\/2021\/01\/WhatsApp-Image-2021-01-18-at-13.54.32-300x225.jpeg\" alt=\"\" width=\"347\" height=\"260\" srcset=\"https:\/\/batista-ma.org.br\/wp-content\/uploads\/2021\/01\/WhatsApp-Image-2021-01-18-at-13.54.32-300x225.jpeg 300w, https:\/\/batista-ma.org.br\/wp-content\/uploads\/2021\/01\/WhatsApp-Image-2021-01-18-at-13.54.32-768x576.jpeg 768w, https:\/\/batista-ma.org.br\/wp-content\/uploads\/2021\/01\/WhatsApp-Image-2021-01-18-at-13.54.32-1024x768.jpeg 1024w, https:\/\/batista-ma.org.br\/wp-content\/uploads\/2021\/01\/WhatsApp-Image-2021-01-18-at-13.54.32-80x60.jpeg 80w, https:\/\/batista-ma.org.br\/wp-content\/uploads\/2021\/01\/WhatsApp-Image-2021-01-18-at-13.54.32-265x198.jpeg 265w, https:\/\/batista-ma.org.br\/wp-content\/uploads\/2021\/01\/WhatsApp-Image-2021-01-18-at-13.54.32-696x522.jpeg 696w, https:\/\/batista-ma.org.br\/wp-content\/uploads\/2021\/01\/WhatsApp-Image-2021-01-18-at-13.54.32-560x420.jpeg 560w, https:\/\/batista-ma.org.br\/wp-content\/uploads\/2021\/01\/WhatsApp-Image-2021-01-18-at-13.54.32.jpeg 1040w\" sizes=\"(max-width: 347px) 100vw, 347px\" \/><\/p>\n","protected":false},"excerpt":{"rendered":"<p>Culto de posse do evangelista Silvarlem Fraz\u00e3o Paz,na PIB em Cachoeira Grande.<\/p>\n","protected":false},"author":4,"featured_media":0,"comment_status":"open","ping_status":"open","sticky":false,"template":"","format":"standard","meta":{"_themeisle_gutenberg_block_has_review":false,"footnotes":""},"categories":[8],"tags":[],"class_list":{"0":"post-3305","1":"post","2":"type-post","3":"status-publish","4":"format-standard","6":"category-noticias"},"_links":{"self":[{"href":"https:\/\/batista-ma.org.br\/index.php?rest_route=\/wp\/v2\/posts\/3305"}],"collection":[{"href":"https:\/\/batista-ma.org.br\/index.php?rest_route=\/wp\/v2\/posts"}],"about":[{"href":"https:\/\/batista-ma.org.br\/index.php?rest_route=\/wp\/v2\/types\/post"}],"author":[{"embeddable":true,"href":"https:\/\/batista-ma.org.br\/index.php?rest_route=\/wp\/v2\/users\/4"}],"replies":[{"embeddable":true,"href":"https:\/\/batista-ma.org.br\/index.php?rest_route=%2Fwp%2Fv2%2Fcomments&post=3305"}],"version-history":[{"count":4,"href":"https:\/\/batista-ma.org.br\/index.php?rest_route=\/wp\/v2\/posts\/3305\/revisions"}],"predecessor-version":[{"id":3309,"href":"https:\/\/batista-ma.org.br\/index.php?rest_route=\/wp\/v2\/posts\/3305\/revisions\/3309"}],"wp:attachment":[{"href":"https:\/\/batista-ma.org.br\/index.php?rest_route=%2Fwp%2Fv2%2Fmedia&parent=3305"}],"wp:term":[{"taxonomy":"category","embeddable":true,"href":"https:\/\/batista-ma.org.br\/index.php?rest_route=%2Fwp%2Fv2%2Fcategories&post=3305"},{"taxonomy":"post_tag","embeddable":true,"href":"https:\/\/batista-ma.org.br\/index.php?rest_route=%2Fwp%2Fv2%2Ftags&post=3305"}],"curies":[{"name":"wp","href":"https:\/\/api.w.org\/{rel}","templated":true}]}}