{"id":3287,"date":"2020-11-25T11:04:41","date_gmt":"2020-11-25T14:04:41","guid":{"rendered":"http:\/\/batista-ma.org.br\/?p=3287"},"modified":"2020-11-25T11:12:00","modified_gmt":"2020-11-25T14:12:00","slug":"iii-congresso-dos-diaconos-batistas-do-maranhao","status":"publish","type":"post","link":"https:\/\/batista-ma.org.br\/?p=3287","title":{"rendered":"III CONGRESSO DOS DI\u00c1CONOS BATISTAS DO MARANH\u00c3O"},"content":{"rendered":"<p>No dia 28 de novembro de 2020 iremos realizar o III Congresso dos Di\u00e1conos, com o tema &#8221; O Di\u00e1cono Batista na atualidade e seus desafios&#8221;. O congresso acontecer\u00e1 na <strong>Segunda<\/strong> <strong>Igreja Batista de S\u00e3o Lu\u00eds <\/strong>(av. dos Expedicion\u00e1rios, 66 &#8211; Jo\u00e3o Paulo, S\u00e3o Lu\u00eds &#8211; MA, 65040-971).<\/p>\n<p>O\u00a0 investimento ser\u00e1 de R$ 25,00 (almo\u00e7o e material).<\/p>\n<p>Todos devem usar m\u00e1scaras e manter distanciamento social regular.<\/p>\n<p>&nbsp;<\/p>\n<p>&nbsp;<\/p>\n","protected":false},"excerpt":{"rendered":"<p>No dia 28 de novembro de 2020 iremos realizar o III Congresso dos Di\u00e1conos, com o tema &#8221; O Di\u00e1cono Batista na atualidade e seus desafios&#8221;. O congresso acontecer\u00e1 na Segunda Igreja Batista de S\u00e3o Lu\u00eds (av. dos Expedicion\u00e1rios, 66 &#8211; Jo\u00e3o Paulo, S\u00e3o Lu\u00eds &#8211; MA, 65040-971). O\u00a0 investimento ser\u00e1 de R$ 25,00 (almo\u00e7o [&hellip;]<\/p>\n","protected":false},"author":4,"featured_media":3288,"comment_status":"open","ping_status":"open","sticky":false,"template":"","format":"standard","meta":{"_themeisle_gutenberg_block_has_review":false,"footnotes":""},"categories":[8],"tags":[],"class_list":{"0":"post-3287","1":"post","2":"type-post","3":"status-publish","4":"format-standard","5":"has-post-thumbnail","7":"category-noticias"},"_links":{"self":[{"href":"https:\/\/batista-ma.org.br\/index.php?rest_route=\/wp\/v2\/posts\/3287"}],"collection":[{"href":"https:\/\/batista-ma.org.br\/index.php?rest_route=\/wp\/v2\/posts"}],"about":[{"href":"https:\/\/batista-ma.org.br\/index.php?rest_route=\/wp\/v2\/types\/post"}],"author":[{"embeddable":true,"href":"https:\/\/batista-ma.org.br\/index.php?rest_route=\/wp\/v2\/users\/4"}],"replies":[{"embeddable":true,"href":"https:\/\/batista-ma.org.br\/index.php?rest_route=%2Fwp%2Fv2%2Fcomments&post=3287"}],"version-history":[{"count":2,"href":"https:\/\/batista-ma.org.br\/index.php?rest_route=\/wp\/v2\/posts\/3287\/revisions"}],"predecessor-version":[{"id":3290,"href":"https:\/\/batista-ma.org.br\/index.php?rest_route=\/wp\/v2\/posts\/3287\/revisions\/3290"}],"wp:featuredmedia":[{"embeddable":true,"href":"https:\/\/batista-ma.org.br\/index.php?rest_route=\/wp\/v2\/media\/3288"}],"wp:attachment":[{"href":"https:\/\/batista-ma.org.br\/index.php?rest_route=%2Fwp%2Fv2%2Fmedia&parent=3287"}],"wp:term":[{"taxonomy":"category","embeddable":true,"href":"https:\/\/batista-ma.org.br\/index.php?rest_route=%2Fwp%2Fv2%2Fcategories&post=3287"},{"taxonomy":"post_tag","embeddable":true,"href":"https:\/\/batista-ma.org.br\/index.php?rest_route=%2Fwp%2Fv2%2Ftags&post=3287"}],"curies":[{"name":"wp","href":"https:\/\/api.w.org\/{rel}","templated":true}]}}