{"id":2113,"date":"2020-02-21T16:03:30","date_gmt":"2020-02-21T19:03:30","guid":{"rendered":"http:\/\/batista-ma.org.br\/?p=2113"},"modified":"2020-03-06T16:16:04","modified_gmt":"2020-03-06T19:16:04","slug":"85a-assembleia-da-convencao-batista-maranhense-2020","status":"publish","type":"post","link":"https:\/\/batista-ma.org.br\/?p=2113","title":{"rendered":"85\u00aa ASSEMBL\u00c9IA DA CONVEN\u00c7\u00c3O BATISTA MARANHENSE &#8211; 2020"},"content":{"rendered":"<p><a href=\"https:\/\/forms.gle\/bM6G447RBfCfirx5A\"><img loading=\"lazy\" decoding=\"async\" class=\"wp-image-2721 size-full aligncenter\" src=\"https:\/\/batista-ma.org.br\/wp-content\/uploads\/2020\/02\/conven\u00e7\u00e3o-cartaz.jpg\" alt=\"\" width=\"269\" height=\"355\" srcset=\"https:\/\/batista-ma.org.br\/wp-content\/uploads\/2020\/02\/conven\u00e7\u00e3o-cartaz.jpg 269w, https:\/\/batista-ma.org.br\/wp-content\/uploads\/2020\/02\/conven\u00e7\u00e3o-cartaz-227x300.jpg 227w\" sizes=\"(max-width: 269px) 100vw, 269px\" \/><\/a><\/p>\n<p>&nbsp;<\/p>\n<h4 style=\"text-align: center;\">CLICK NO BANER ACIMA PARA FAZER SUA INSCRI\u00c7\u00c3O ON-LINE<\/h4>\n","protected":false},"excerpt":{"rendered":"<p>&nbsp; CLICK NO BANER ACIMA PARA FAZER SUA INSCRI\u00c7\u00c3O ON-LINE<\/p>\n","protected":false},"author":2,"featured_media":2158,"comment_status":"open","ping_status":"open","sticky":false,"template":"","format":"standard","meta":{"_themeisle_gutenberg_block_has_review":false,"footnotes":""},"categories":[8],"tags":[],"class_list":{"0":"post-2113","1":"post","2":"type-post","3":"status-publish","4":"format-standard","5":"has-post-thumbnail","7":"category-noticias"},"_links":{"self":[{"href":"https:\/\/batista-ma.org.br\/index.php?rest_route=\/wp\/v2\/posts\/2113"}],"collection":[{"href":"https:\/\/batista-ma.org.br\/index.php?rest_route=\/wp\/v2\/posts"}],"about":[{"href":"https:\/\/batista-ma.org.br\/index.php?rest_route=\/wp\/v2\/types\/post"}],"author":[{"embeddable":true,"href":"https:\/\/batista-ma.org.br\/index.php?rest_route=\/wp\/v2\/users\/2"}],"replies":[{"embeddable":true,"href":"https:\/\/batista-ma.org.br\/index.php?rest_route=%2Fwp%2Fv2%2Fcomments&post=2113"}],"version-history":[{"count":9,"href":"https:\/\/batista-ma.org.br\/index.php?rest_route=\/wp\/v2\/posts\/2113\/revisions"}],"predecessor-version":[{"id":2722,"href":"https:\/\/batista-ma.org.br\/index.php?rest_route=\/wp\/v2\/posts\/2113\/revisions\/2722"}],"wp:featuredmedia":[{"embeddable":true,"href":"https:\/\/batista-ma.org.br\/index.php?rest_route=\/wp\/v2\/media\/2158"}],"wp:attachment":[{"href":"https:\/\/batista-ma.org.br\/index.php?rest_route=%2Fwp%2Fv2%2Fmedia&parent=2113"}],"wp:term":[{"taxonomy":"category","embeddable":true,"href":"https:\/\/batista-ma.org.br\/index.php?rest_route=%2Fwp%2Fv2%2Fcategories&post=2113"},{"taxonomy":"post_tag","embeddable":true,"href":"https:\/\/batista-ma.org.br\/index.php?rest_route=%2Fwp%2Fv2%2Ftags&post=2113"}],"curies":[{"name":"wp","href":"https:\/\/api.w.org\/{rel}","templated":true}]}}