{"id":1026,"date":"2018-08-08T10:00:42","date_gmt":"2018-08-08T13:00:42","guid":{"rendered":"http:\/\/batista-ma.org.br\/?p=1026"},"modified":"2020-03-09T19:30:52","modified_gmt":"2020-03-09T22:30:52","slug":"1026","status":"publish","type":"post","link":"https:\/\/batista-ma.org.br\/?p=1026","title":{"rendered":"CADASTRO GERAL"},"content":{"rendered":"<p><a href=\"https:\/\/goo.gl\/forms\/uUTiuxVx8x4vM7AD2\"><img loading=\"lazy\" decoding=\"async\" class=\"aligncenter size-full wp-image-969\" src=\"https:\/\/batista-ma.org.br\/wp-content\/uploads\/2018\/07\/selo-cadastro.jpg\" alt=\"\" width=\"576\" height=\"266\" srcset=\"https:\/\/batista-ma.org.br\/wp-content\/uploads\/2018\/07\/selo-cadastro.jpg 576w, https:\/\/batista-ma.org.br\/wp-content\/uploads\/2018\/07\/selo-cadastro-300x139.jpg 300w\" sizes=\"(max-width: 576px) 100vw, 576px\" \/><\/a><\/p>\n<p style=\"text-align: center;\"><strong>CADASTRO GERAL DAS IGREJAS DAS ASSOCIA\u00c7\u00d5ES METROPOLITANAS E GRANDE S\u00c3O LU\u00cdS<\/strong><\/p>\n<p>\u00a0 \u00a0 \u00a0 \u00a0 \u00a0 \u00a0 \u00a0 \u00a0 \u00a0 \u00a0 \u00a0 \u00a0 \u00a0 \u00a0 \u00a0Amados Irm\u00e3os Pastores e L\u00edderes<br \/>\nGra\u00e7a e Paz<br \/>\nCom o objetivo de conhecer melhor o potencial das igrejas das nossas associa\u00e7\u00f5es, estamos elaborando um CADASTRO com informa\u00e7\u00f5es para a constru\u00e7\u00e3o de um banco de dados cujo o objetivo \u00e9 melhorar e aperfei\u00e7oar as a\u00e7\u00f5es de parceirias associacionais.<br \/>\nPartindo de um entendimento que o trabalho associacional vai al\u00e9m de conv\u00eanios financeiros, podemos ampliar um relacionamento de parceirias mission\u00e1rias que contribuir\u00e3o para um melhor dinamismo do trabalho de evangeliza\u00e7\u00e3o da nossa cidade.<br \/>\nPara isso, \u00e9 necess\u00e1rio que tenhamos informa\u00e7\u00f5es estrat\u00e9gicas sobre as igrejas.<br \/>\nPedimos a coopera\u00e7\u00e3o dos pastores e l\u00edderes para que nos fornen\u00e7am estas informa\u00e7\u00f5es, pois s\u00e3o necess\u00e1rias para uma expans\u00e3o racional do trabalho batista na nossa regi\u00e3o.<br \/>\nem cristo<br \/>\na comiss\u00e3o<\/p>\n","protected":false},"excerpt":{"rendered":"<p>CADASTRO GERAL DAS IGREJAS DAS ASSOCIA\u00c7\u00d5ES METROPOLITANAS E GRANDE S\u00c3O LU\u00cdS \u00a0 \u00a0 \u00a0 \u00a0 \u00a0 \u00a0 \u00a0 \u00a0 \u00a0 \u00a0 \u00a0 \u00a0 \u00a0 \u00a0 \u00a0Amados Irm\u00e3os Pastores e L\u00edderes Gra\u00e7a e Paz Com o objetivo de conhecer melhor o potencial das igrejas das nossas associa\u00e7\u00f5es, estamos elaborando um CADASTRO com informa\u00e7\u00f5es para a constru\u00e7\u00e3o [&hellip;]<\/p>\n","protected":false},"author":2,"featured_media":969,"comment_status":"open","ping_status":"open","sticky":false,"template":"","format":"standard","meta":{"_themeisle_gutenberg_block_has_review":false,"footnotes":""},"categories":[8],"tags":[],"class_list":{"0":"post-1026","1":"post","2":"type-post","3":"status-publish","4":"format-standard","5":"has-post-thumbnail","7":"category-noticias"},"_links":{"self":[{"href":"https:\/\/batista-ma.org.br\/index.php?rest_route=\/wp\/v2\/posts\/1026"}],"collection":[{"href":"https:\/\/batista-ma.org.br\/index.php?rest_route=\/wp\/v2\/posts"}],"about":[{"href":"https:\/\/batista-ma.org.br\/index.php?rest_route=\/wp\/v2\/types\/post"}],"author":[{"embeddable":true,"href":"https:\/\/batista-ma.org.br\/index.php?rest_route=\/wp\/v2\/users\/2"}],"replies":[{"embeddable":true,"href":"https:\/\/batista-ma.org.br\/index.php?rest_route=%2Fwp%2Fv2%2Fcomments&post=1026"}],"version-history":[{"count":7,"href":"https:\/\/batista-ma.org.br\/index.php?rest_route=\/wp\/v2\/posts\/1026\/revisions"}],"predecessor-version":[{"id":3996,"href":"https:\/\/batista-ma.org.br\/index.php?rest_route=\/wp\/v2\/posts\/1026\/revisions\/3996"}],"wp:featuredmedia":[{"embeddable":true,"href":"https:\/\/batista-ma.org.br\/index.php?rest_route=\/wp\/v2\/media\/969"}],"wp:attachment":[{"href":"https:\/\/batista-ma.org.br\/index.php?rest_route=%2Fwp%2Fv2%2Fmedia&parent=1026"}],"wp:term":[{"taxonomy":"category","embeddable":true,"href":"https:\/\/batista-ma.org.br\/index.php?rest_route=%2Fwp%2Fv2%2Fcategories&post=1026"},{"taxonomy":"post_tag","embeddable":true,"href":"https:\/\/batista-ma.org.br\/index.php?rest_route=%2Fwp%2Fv2%2Ftags&post=1026"}],"curies":[{"name":"wp","href":"https:\/\/api.w.org\/{rel}","templated":true}]}}